{"id":183504,"date":"2021-06-07T17:13:42","date_gmt":"2021-06-07T20:13:42","guid":{"rendered":"https:\/\/diarioregionaldigital.com.br\/?p=183504"},"modified":"2021-06-07T17:13:42","modified_gmt":"2021-06-07T20:13:42","slug":"lira-reafirma-importancia-das-reformas-para-garantir-crescimento-no-pos-pandemia","status":"publish","type":"post","link":"https:\/\/diarioregionaldigital.com.br\/?p=183504","title":{"rendered":"Lira reafirma import\u00e2ncia das reformas para garantir crescimento no p\u00f3s-pandemia"},"content":{"rendered":"<p>O presidente da C\u00e2mara dos Deputados, <a href=\"https:\/\/www.camara.leg.br\/deputados\/160541\">Arthur Lira (PP-AL)<\/a>, reafirmou a import\u00e2ncia das reformas estruturantes para garantir um crescimento sustent\u00e1vel da economia brasileira depois da pandemia de Covid-19. Segundo Lira, o Pa\u00eds tem demonstrado sua capacidade de supera\u00e7\u00e3o da crise, mas \u00e9 preciso haver uma \u201cimuniza\u00e7\u00e3o econ\u00f4mica\u201d, com a aprova\u00e7\u00e3o das reformas tribut\u00e1ria, administrativa e outras agendas que modernizam o Estado. Ele tamb\u00e9m defendeu a acelera\u00e7\u00e3o da vacina\u00e7\u00e3o da popula\u00e7\u00e3o para o retorno \u00e0 normalidade em evento promovido pelo Bradesco nesta segunda-feira (7).<\/p>\n<p>\u201cAcredito que nos pr\u00f3ximos meses n\u00f3s vamos avan\u00e7ar furiosamente nessa dire\u00e7\u00e3o. Vamos avan\u00e7ar tamb\u00e9m velozmente na recupera\u00e7\u00e3o da nossa econ\u00f4mica\u201d, afirmou Lira.<\/p>\n<p>O presidente da C\u00e2mara ressaltou a atua\u00e7\u00e3o do Congresso no enfrentamento da pandemia e defendeu a atua\u00e7\u00e3o conjunta com o Executivo para enfrentar a crise sanit\u00e1ria, social e econ\u00f4mica. Segundo Lira, houve uma forte preven\u00e7\u00e3o por parte do Parlamento para atenuar os efeitos da pandemia.<\/p>\n<p>\u201cN\u00f3s aprovamos as medidas: o aux\u00edlio emergencial, os empr\u00e9stimos \u00e0s empresas, as medidas de prote\u00e7\u00e3o ao emprego. Fora o que fizemos na quest\u00e3o macro, aprovamos o novo Or\u00e7amento \u2013 que estava parado desde o ano passado \u2013, aprovamos os mecanismos permanentes de <em>shutdown<\/em> para os entes p\u00fablicos, municipais, estaduais e federais, aprovamos a autonomia do Banco Central, aprovamos a capitaliza\u00e7\u00e3o da Eletrobr\u00e1s, aprovamos o licenciamento ambiental, al\u00e9m da moderniza\u00e7\u00e3o do regimento interno da C\u00e2mara e a Lei do Estado Democr\u00e1tico de Direito\u201d, elencou o parlamentar.<\/p>\n<p><strong>Reforma administrativa<\/strong><br \/>\nMais cedo, Lira informou a respeito de reuni\u00e3o de l\u00edderes amanh\u00e3 para debater a reforma administrativa. Segundo o presidente, \u00e9 importante modernizar o sistema administrativo brasileiro, mas sem atingir o direito adquirido dos atuais servidores p\u00fablico. Arthur Lira afirmou que se a reforma administrativa tivesse sido feita h\u00e1 20 anos, a situa\u00e7\u00e3o da administra\u00e7\u00e3o p\u00fablica brasileira j\u00e1 estaria resolvida e equilibrada.<\/p>\n<p>\u201cN\u00e3o temos que medir funcion\u00e1rio, mas sim o servi\u00e7o, se est\u00e1 sendo feito no tempo h\u00e1bil e \u00e9 eficiente\u201d, disse.<\/p>\n<p><strong>Privatiza\u00e7\u00e3o dos Correios<\/strong><br \/>\nLira tamb\u00e9m afirmou que a expectativa \u00e9 a aprova\u00e7\u00e3o pela C\u00e2mara no final do primeiro semestre ou in\u00edcio do segundo da proposta que autoriza a privatiza\u00e7\u00e3o dos Correios. A proposta foi encaminhada pelo Executivo este ano e tem objetivo de aumentar a qualidade dos servi\u00e7os postais, ampliar o investimento privado no setor, al\u00e9m de privatizar a empresa. Tamb\u00e9m prev\u00ea que a presta\u00e7\u00e3o do servi\u00e7o postal universal pela Uni\u00e3o seja feito por meio de contratos de concess\u00e3o.<\/p>\n<p>Fonte: Ag\u00eancia C\u00e2mara de Not\u00edcias<\/p>\n","protected":false},"excerpt":{"rendered":"<p>O presidente da C\u00e2mara dos Deputados, Arthur Lira (PP-AL), reafirmou a import\u00e2ncia das reformas estruturantes para garantir um crescimento sustent\u00e1vel da economia brasileira depois da pandemia de Covid-19. Segundo Lira, o Pa\u00eds tem demonstrado sua capacidade de supera\u00e7\u00e3o da crise, mas \u00e9 preciso haver uma \u201cimuniza\u00e7\u00e3o econ\u00f4mica\u201d, com a aprova\u00e7\u00e3o das reformas tribut\u00e1ria, administrativa e [&hellip;]<\/p>\n","protected":false},"author":246,"featured_media":183505,"comment_status":"closed","ping_status":"closed","sticky":false,"template":"","format":"standard","meta":{"footnotes":""},"categories":[440,254,439],"tags":[],"class_list":["post-183504","post","type-post","status-publish","format-standard","has-post-thumbnail","hentry","category-destaques-do-dia","category-politica","category-ultima-hora"],"_links":{"self":[{"href":"https:\/\/diarioregionaldigital.com.br\/index.php?rest_route=\/wp\/v2\/posts\/183504","targetHints":{"allow":["GET"]}}],"collection":[{"href":"https:\/\/diarioregionaldigital.com.br\/index.php?rest_route=\/wp\/v2\/posts"}],"about":[{"href":"https:\/\/diarioregionaldigital.com.br\/index.php?rest_route=\/wp\/v2\/types\/post"}],"author":[{"embeddable":true,"href":"https:\/\/diarioregionaldigital.com.br\/index.php?rest_route=\/wp\/v2\/users\/246"}],"replies":[{"embeddable":true,"href":"https:\/\/diarioregionaldigital.com.br\/index.php?rest_route=%2Fwp%2Fv2%2Fcomments&post=183504"}],"version-history":[{"count":1,"href":"https:\/\/diarioregionaldigital.com.br\/index.php?rest_route=\/wp\/v2\/posts\/183504\/revisions"}],"predecessor-version":[{"id":183506,"href":"https:\/\/diarioregionaldigital.com.br\/index.php?rest_route=\/wp\/v2\/posts\/183504\/revisions\/183506"}],"wp:featuredmedia":[{"embeddable":true,"href":"https:\/\/diarioregionaldigital.com.br\/index.php?rest_route=\/wp\/v2\/media\/183505"}],"wp:attachment":[{"href":"https:\/\/diarioregionaldigital.com.br\/index.php?rest_route=%2Fwp%2Fv2%2Fmedia&parent=183504"}],"wp:term":[{"taxonomy":"category","embeddable":true,"href":"https:\/\/diarioregionaldigital.com.br\/index.php?rest_route=%2Fwp%2Fv2%2Fcategories&post=183504"},{"taxonomy":"post_tag","embeddable":true,"href":"https:\/\/diarioregionaldigital.com.br\/index.php?rest_route=%2Fwp%2Fv2%2Ftags&post=183504"}],"curies":[{"name":"wp","href":"https:\/\/api.w.org\/{rel}","templated":true}]}}