{"id":183446,"date":"2021-06-04T17:07:58","date_gmt":"2021-06-04T20:07:58","guid":{"rendered":"https:\/\/diarioregionaldigital.com.br\/?p=183446"},"modified":"2021-06-04T17:07:58","modified_gmt":"2021-06-04T20:07:58","slug":"carol-santiago-fica-a-57-centesimos-do-recorde-mundial-no-primeiro-dia-da-seletiva-paralimpica-da-natacao","status":"publish","type":"post","link":"https:\/\/diarioregionaldigital.com.br\/?p=183446","title":{"rendered":"Carol Santiago fica a 57 cent\u00e9simos do recorde mundial no primeiro dia da seletiva paral\u00edmpica da nata\u00e7\u00e3o"},"content":{"rendered":"<p>A nadadora pernambucana Carol Santiago, da classe S12 (para atletas com baixa vis\u00e3o), bateu o recorde das Am\u00e9ricas dos 100m livre feminino por duas vezes e ficou a cent\u00e9simos do recorde mundial da prova no primeiro dia da Seletiva paral\u00edmpica da nata\u00e7\u00e3o brasileira, nesta quarta-feira (02.06), no Centro de Treinamento Paral\u00edmpico, em S\u00e3o Paulo.<\/p>\n<p>A atleta, que nasceu com s\u00edndrome de Morning Glory, altera\u00e7\u00e3o cong\u00eanita na retina que reduz seu campo de vis\u00e3o, completou os 100m em 59s07s, na eliminat\u00f3ria, pela manh\u00e3, e superou a melhor marca do continente americano at\u00e9 ent\u00e3o, que era de 59s46, estabelecido por ela mesmo em abril de 2019, no Open Internacional de nata\u00e7\u00e3o, tamb\u00e9m no CT.<\/p>\n<p>J\u00e1 na final, de tarde, a nadadora do Recife conseguiu baixar ainda mais o tempo e cravou 58s98, melhorando novamente o recorde das Am\u00e9ricas. O tempo foi 57 cent\u00e9simos mais lento que a melhor marca mundial (58s41), da russa Oxana Savchenko, de 2012.<\/p>\n<p>&#8220;Voltar a competir \u00e9 importante neste fim de prepara\u00e7\u00e3o para T\u00f3quio. Para mim e para a minha comiss\u00e3o t\u00e9cnica, romper a barreira dos 59 segundos foi gratificante. Com certeza vai me dar motiva\u00e7\u00e3o extra para continuar buscando baixar esse tempo e chegar mais forte nos Jogos&#8221;, afirmou Carol.\u00a0Ela \u00e9 integrante da categoria P\u00f3dio, a principal do Bolsa Atleta, programa de patroc\u00ednio individual do Governo Federal Brasileiro, executado pela Secretaria Especial do Esporte do Minist\u00e9rio da Cidadania.<\/p>\n<p>Carol j\u00e1 est\u00e1 classificada para os Jogos Paral\u00edmpicos de T\u00f3quio por ser campe\u00e3 mundial pela sua classe em 2019, um dos crit\u00e9rios estabelecidos pelo Comit\u00ea Paral\u00edmpico Brasileiro (CPB), que atua como confedera\u00e7\u00e3o da modalidade.<\/p>\n<p>Entre as principais conquistas da sua carreira, est\u00e3o a medalha de ouro nos 50m e 100m livre, al\u00e9m da prata nos 100m costas e no revezamento 4x100m livre 49 pontos no Mundial de Londres 2019; e ouro nos 50m livre, nos 100m livre, nos 100m costas e nos 400m livre nos Jogos Parapan-Americanos Lima 2019. Al\u00e9m dos 100m livres, Carol vai nadar as provas dos 100m peito, dos 100m costas e dos 50m livre feminino na seletiva.<\/p>\n<p>Fonte: Comit\u00ea Paral\u00edmpico Brasileiro<\/p>\n","protected":false},"excerpt":{"rendered":"<p>A nadadora pernambucana Carol Santiago, da classe S12 (para atletas com baixa vis\u00e3o), bateu o recorde das Am\u00e9ricas dos 100m livre feminino por duas vezes e ficou a cent\u00e9simos do recorde mundial da prova no primeiro dia da Seletiva paral\u00edmpica da nata\u00e7\u00e3o brasileira, nesta quarta-feira (02.06), no Centro de Treinamento Paral\u00edmpico, em S\u00e3o Paulo. A [&hellip;]<\/p>\n","protected":false},"author":246,"featured_media":183447,"comment_status":"closed","ping_status":"closed","sticky":false,"template":"","format":"standard","meta":{"footnotes":""},"categories":[436,257,439],"tags":[],"class_list":["post-183446","post","type-post","status-publish","format-standard","has-post-thumbnail","hentry","category-destaque-da-semana","category-esporte","category-ultima-hora"],"_links":{"self":[{"href":"https:\/\/diarioregionaldigital.com.br\/index.php?rest_route=\/wp\/v2\/posts\/183446","targetHints":{"allow":["GET"]}}],"collection":[{"href":"https:\/\/diarioregionaldigital.com.br\/index.php?rest_route=\/wp\/v2\/posts"}],"about":[{"href":"https:\/\/diarioregionaldigital.com.br\/index.php?rest_route=\/wp\/v2\/types\/post"}],"author":[{"embeddable":true,"href":"https:\/\/diarioregionaldigital.com.br\/index.php?rest_route=\/wp\/v2\/users\/246"}],"replies":[{"embeddable":true,"href":"https:\/\/diarioregionaldigital.com.br\/index.php?rest_route=%2Fwp%2Fv2%2Fcomments&post=183446"}],"version-history":[{"count":1,"href":"https:\/\/diarioregionaldigital.com.br\/index.php?rest_route=\/wp\/v2\/posts\/183446\/revisions"}],"predecessor-version":[{"id":183448,"href":"https:\/\/diarioregionaldigital.com.br\/index.php?rest_route=\/wp\/v2\/posts\/183446\/revisions\/183448"}],"wp:featuredmedia":[{"embeddable":true,"href":"https:\/\/diarioregionaldigital.com.br\/index.php?rest_route=\/wp\/v2\/media\/183447"}],"wp:attachment":[{"href":"https:\/\/diarioregionaldigital.com.br\/index.php?rest_route=%2Fwp%2Fv2%2Fmedia&parent=183446"}],"wp:term":[{"taxonomy":"category","embeddable":true,"href":"https:\/\/diarioregionaldigital.com.br\/index.php?rest_route=%2Fwp%2Fv2%2Fcategories&post=183446"},{"taxonomy":"post_tag","embeddable":true,"href":"https:\/\/diarioregionaldigital.com.br\/index.php?rest_route=%2Fwp%2Fv2%2Ftags&post=183446"}],"curies":[{"name":"wp","href":"https:\/\/api.w.org\/{rel}","templated":true}]}}