{"id":183443,"date":"2021-06-04T17:02:51","date_gmt":"2021-06-04T20:02:51","guid":{"rendered":"https:\/\/diarioregionaldigital.com.br\/?p=183443"},"modified":"2021-06-04T17:02:51","modified_gmt":"2021-06-04T20:02:51","slug":"camara-aprova-mp-que-aumenta-tributacao-de-bancos","status":"publish","type":"post","link":"https:\/\/diarioregionaldigital.com.br\/?p=183443","title":{"rendered":"C\u00e2mara aprova MP que aumenta tributa\u00e7\u00e3o de bancos"},"content":{"rendered":"<p>A C\u00e2mara aprovou, nesta quarta-feira (2), a Medida Provis\u00f3ria (MP) 1034\/21, que aumenta a tributa\u00e7\u00e3o de institui\u00e7\u00f5es financeiras, reduz incentivos tribut\u00e1rios da ind\u00fastria qu\u00edmica e limita o valor dos ve\u00edculos comprados com desconto por pessoas com defici\u00eancia para compensar a diminui\u00e7\u00e3o de tributos sobre o diesel e o g\u00e1s de cozinha (GLP). A mat\u00e9ria ser\u00e1 enviada ao Senado.<img decoding=\"async\" src=\"https:\/\/agenciabrasil.ebc.com.br\/ebc.png?id=1411570&amp;o=node\" \/><img decoding=\"async\" src=\"https:\/\/agenciabrasil.ebc.com.br\/ebc.gif?id=1411570&amp;o=node\" \/><\/p>\n<p>A MP foi publicada pelo governo no dia 1\u00ba de mar\u00e7o, quando o presidente Jair Bolsonaro\u00a0<a href=\"https:\/\/agenciabrasil.ebc.com.br\/politica\/noticia\/2021-03\/bolsonaro-zera-pis-e-cofins-do-diesel-e-do-gas-de-cozinha\" target=\"_blank\" rel=\"noopener\">publicou um decreto\u00a0<\/a>que zera as al\u00edquotas da contribui\u00e7\u00e3o do Programas de Integra\u00e7\u00e3o Social e de Forma\u00e7\u00e3o do Patrim\u00f4nio do Servidor P\u00fablico (PIS) e da Contribui\u00e7\u00e3o para Financiamento da Seguridade Social (Cofins) incidentes sobre a comercializa\u00e7\u00e3o e a importa\u00e7\u00e3o do \u00f3leo diesel e do g\u00e1s liquefeito de petr\u00f3leo (GLP) de uso residencial.\u00a0Para cumprir a Lei de Responsabilidade Fiscal, como forma de compensa\u00e7\u00e3o tribut\u00e1ria, tamb\u00e9m foi editada uma medida provis\u00f3ria aumentando a Contribui\u00e7\u00e3o Social sobre o Lucro L\u00edquido (CSLL) das institui\u00e7\u00f5es financeiras, alterando as regras de\u00a0Imposto sobre os Produtos Industrializados (IPI) para a compra de ve\u00edculos por pessoas com defici\u00eancia e encerrando o Regime Especial da Ind\u00fastria Qu\u00edmica (Reiq).<\/p>\n<p>O texto aprovado, de autoria do relator, deputado Moses Rodrigues (MDB-SP), incluiu na MP outros temas como a tributa\u00e7\u00e3o na Zona Franca de Manaus e redistribui\u00e7\u00e3o do arrecadado com loterias.<\/p>\n<p>Durante a tramita\u00e7\u00e3o, o relator incluiu, ap\u00f3s negocia\u00e7\u00f5es em Plen\u00e1rio, uma transi\u00e7\u00e3o de quatro anos para o fim de incentivos tribut\u00e1rios para a ind\u00fastria qu\u00edmica e petroqu\u00edmica no \u00e2mbito do Regime Especial da Ind\u00fastria Qu\u00edmica (Reiq).<\/p>\n<p><span style=\"font-weight: 400;\"><br \/>\n<\/span><span style=\"font-weight: 400;\">Fonte: Ag\u00eancia Brasil <\/span><\/p>\n","protected":false},"excerpt":{"rendered":"<p>A C\u00e2mara aprovou, nesta quarta-feira (2), a Medida Provis\u00f3ria (MP) 1034\/21, que aumenta a tributa\u00e7\u00e3o de institui\u00e7\u00f5es financeiras, reduz incentivos tribut\u00e1rios da ind\u00fastria qu\u00edmica e limita o valor dos ve\u00edculos comprados com desconto por pessoas com defici\u00eancia para compensar a diminui\u00e7\u00e3o de tributos sobre o diesel e o g\u00e1s de cozinha (GLP). A mat\u00e9ria ser\u00e1 [&hellip;]<\/p>\n","protected":false},"author":246,"featured_media":183444,"comment_status":"closed","ping_status":"closed","sticky":false,"template":"","format":"standard","meta":{"footnotes":""},"categories":[254,439],"tags":[],"class_list":["post-183443","post","type-post","status-publish","format-standard","has-post-thumbnail","hentry","category-politica","category-ultima-hora"],"_links":{"self":[{"href":"https:\/\/diarioregionaldigital.com.br\/index.php?rest_route=\/wp\/v2\/posts\/183443","targetHints":{"allow":["GET"]}}],"collection":[{"href":"https:\/\/diarioregionaldigital.com.br\/index.php?rest_route=\/wp\/v2\/posts"}],"about":[{"href":"https:\/\/diarioregionaldigital.com.br\/index.php?rest_route=\/wp\/v2\/types\/post"}],"author":[{"embeddable":true,"href":"https:\/\/diarioregionaldigital.com.br\/index.php?rest_route=\/wp\/v2\/users\/246"}],"replies":[{"embeddable":true,"href":"https:\/\/diarioregionaldigital.com.br\/index.php?rest_route=%2Fwp%2Fv2%2Fcomments&post=183443"}],"version-history":[{"count":1,"href":"https:\/\/diarioregionaldigital.com.br\/index.php?rest_route=\/wp\/v2\/posts\/183443\/revisions"}],"predecessor-version":[{"id":183445,"href":"https:\/\/diarioregionaldigital.com.br\/index.php?rest_route=\/wp\/v2\/posts\/183443\/revisions\/183445"}],"wp:featuredmedia":[{"embeddable":true,"href":"https:\/\/diarioregionaldigital.com.br\/index.php?rest_route=\/wp\/v2\/media\/183444"}],"wp:attachment":[{"href":"https:\/\/diarioregionaldigital.com.br\/index.php?rest_route=%2Fwp%2Fv2%2Fmedia&parent=183443"}],"wp:term":[{"taxonomy":"category","embeddable":true,"href":"https:\/\/diarioregionaldigital.com.br\/index.php?rest_route=%2Fwp%2Fv2%2Fcategories&post=183443"},{"taxonomy":"post_tag","embeddable":true,"href":"https:\/\/diarioregionaldigital.com.br\/index.php?rest_route=%2Fwp%2Fv2%2Ftags&post=183443"}],"curies":[{"name":"wp","href":"https:\/\/api.w.org\/{rel}","templated":true}]}}