{"id":183377,"date":"2021-06-02T14:31:05","date_gmt":"2021-06-02T17:31:05","guid":{"rendered":"https:\/\/diarioregionaldigital.com.br\/?p=183377"},"modified":"2021-06-02T14:31:05","modified_gmt":"2021-06-02T17:31:05","slug":"policia-militar-atende-vitima-de-roubo-no-bairro-santa-luzia","status":"publish","type":"post","link":"https:\/\/diarioregionaldigital.com.br\/?p=183377","title":{"rendered":"Pol\u00edcia Militar atende v\u00edtima de roubo no bairro Santa Luzia"},"content":{"rendered":"<p>Na madrugada de hoje, 02jun21, por volta das 00h08min compareceu a sede da Pol\u00edcia Militar no bairro Santa Luzia um homem de 21 anos, v\u00edtima de roubo na Rua Aurora Torres, no mesmo bairro, dia 01jun21 por volta das 23h35min. Segundo relato, transitava pelo local quando foi abordado por dois indiv\u00edduos, um deles simulando estar armado que anunciou o assalto, roubou o telefone celular e fugiram. V\u00edtima foi orientada quanto \u00e0s demais provid\u00eancias. De posse das caracter\u00edsticas a Pol\u00edcia Militar segue em rastreamento.<\/p>\n","protected":false},"excerpt":{"rendered":"<p>Na madrugada de hoje, 02jun21, por volta das 00h08min compareceu a sede da Pol\u00edcia Militar no bairro Santa Luzia um homem de 21 anos, v\u00edtima de roubo na Rua Aurora Torres, no mesmo bairro, dia 01jun21 por volta das 23h35min. Segundo relato, transitava pelo local quando foi abordado por dois indiv\u00edduos, um deles simulando estar [&hellip;]<\/p>\n","protected":false},"author":246,"featured_media":183378,"comment_status":"closed","ping_status":"closed","sticky":false,"template":"","format":"standard","meta":{"footnotes":""},"categories":[301,1229],"tags":[],"class_list":["post-183377","post","type-post","status-publish","format-standard","has-post-thumbnail","hentry","category-artigos-policiais","category-policial"],"_links":{"self":[{"href":"https:\/\/diarioregionaldigital.com.br\/index.php?rest_route=\/wp\/v2\/posts\/183377","targetHints":{"allow":["GET"]}}],"collection":[{"href":"https:\/\/diarioregionaldigital.com.br\/index.php?rest_route=\/wp\/v2\/posts"}],"about":[{"href":"https:\/\/diarioregionaldigital.com.br\/index.php?rest_route=\/wp\/v2\/types\/post"}],"author":[{"embeddable":true,"href":"https:\/\/diarioregionaldigital.com.br\/index.php?rest_route=\/wp\/v2\/users\/246"}],"replies":[{"embeddable":true,"href":"https:\/\/diarioregionaldigital.com.br\/index.php?rest_route=%2Fwp%2Fv2%2Fcomments&post=183377"}],"version-history":[{"count":1,"href":"https:\/\/diarioregionaldigital.com.br\/index.php?rest_route=\/wp\/v2\/posts\/183377\/revisions"}],"predecessor-version":[{"id":183379,"href":"https:\/\/diarioregionaldigital.com.br\/index.php?rest_route=\/wp\/v2\/posts\/183377\/revisions\/183379"}],"wp:featuredmedia":[{"embeddable":true,"href":"https:\/\/diarioregionaldigital.com.br\/index.php?rest_route=\/wp\/v2\/media\/183378"}],"wp:attachment":[{"href":"https:\/\/diarioregionaldigital.com.br\/index.php?rest_route=%2Fwp%2Fv2%2Fmedia&parent=183377"}],"wp:term":[{"taxonomy":"category","embeddable":true,"href":"https:\/\/diarioregionaldigital.com.br\/index.php?rest_route=%2Fwp%2Fv2%2Fcategories&post=183377"},{"taxonomy":"post_tag","embeddable":true,"href":"https:\/\/diarioregionaldigital.com.br\/index.php?rest_route=%2Fwp%2Fv2%2Ftags&post=183377"}],"curies":[{"name":"wp","href":"https:\/\/api.w.org\/{rel}","templated":true}]}}