{"id":183374,"date":"2021-06-02T14:29:09","date_gmt":"2021-06-02T17:29:09","guid":{"rendered":"https:\/\/diarioregionaldigital.com.br\/?p=183374"},"modified":"2021-06-02T14:29:09","modified_gmt":"2021-06-02T17:29:09","slug":"policia-militar-prende-autor-e-apreende-materiais-relacionados-ao-trafico-de-drogas-no-bairro-benfica","status":"publish","type":"post","link":"https:\/\/diarioregionaldigital.com.br\/?p=183374","title":{"rendered":"Pol\u00edcia Militar prende autor e apreende materiais relacionados ao tr\u00e1fico de drogas no bairro Benfica"},"content":{"rendered":"<p>Na noite de segunda-feira, 01jun21, por volta das 20h59min, durante desencadeamento de Opera\u00e7\u00e3o Policial pela Pol\u00edcia Militar no bairro Benfica, um suspeito foi visualizado na Rua Guararapes. Abordado e feitas as buscas foram encontradas e apreendidas com ele uma barra de maconha de aproximadamente 500g e a quantia de R$ 40,00 em dinheiro. O autor de 18 anos foi preso e conduzido \u00e0 Delegacia.<\/p>\n","protected":false},"excerpt":{"rendered":"<p>Na noite de segunda-feira, 01jun21, por volta das 20h59min, durante desencadeamento de Opera\u00e7\u00e3o Policial pela Pol\u00edcia Militar no bairro Benfica, um suspeito foi visualizado na Rua Guararapes. Abordado e feitas as buscas foram encontradas e apreendidas com ele uma barra de maconha de aproximadamente 500g e a quantia de R$ 40,00 em dinheiro. O autor [&hellip;]<\/p>\n","protected":false},"author":246,"featured_media":183375,"comment_status":"closed","ping_status":"closed","sticky":false,"template":"","format":"standard","meta":{"footnotes":""},"categories":[301,1229],"tags":[],"class_list":["post-183374","post","type-post","status-publish","format-standard","has-post-thumbnail","hentry","category-artigos-policiais","category-policial"],"_links":{"self":[{"href":"https:\/\/diarioregionaldigital.com.br\/index.php?rest_route=\/wp\/v2\/posts\/183374","targetHints":{"allow":["GET"]}}],"collection":[{"href":"https:\/\/diarioregionaldigital.com.br\/index.php?rest_route=\/wp\/v2\/posts"}],"about":[{"href":"https:\/\/diarioregionaldigital.com.br\/index.php?rest_route=\/wp\/v2\/types\/post"}],"author":[{"embeddable":true,"href":"https:\/\/diarioregionaldigital.com.br\/index.php?rest_route=\/wp\/v2\/users\/246"}],"replies":[{"embeddable":true,"href":"https:\/\/diarioregionaldigital.com.br\/index.php?rest_route=%2Fwp%2Fv2%2Fcomments&post=183374"}],"version-history":[{"count":1,"href":"https:\/\/diarioregionaldigital.com.br\/index.php?rest_route=\/wp\/v2\/posts\/183374\/revisions"}],"predecessor-version":[{"id":183376,"href":"https:\/\/diarioregionaldigital.com.br\/index.php?rest_route=\/wp\/v2\/posts\/183374\/revisions\/183376"}],"wp:featuredmedia":[{"embeddable":true,"href":"https:\/\/diarioregionaldigital.com.br\/index.php?rest_route=\/wp\/v2\/media\/183375"}],"wp:attachment":[{"href":"https:\/\/diarioregionaldigital.com.br\/index.php?rest_route=%2Fwp%2Fv2%2Fmedia&parent=183374"}],"wp:term":[{"taxonomy":"category","embeddable":true,"href":"https:\/\/diarioregionaldigital.com.br\/index.php?rest_route=%2Fwp%2Fv2%2Fcategories&post=183374"},{"taxonomy":"post_tag","embeddable":true,"href":"https:\/\/diarioregionaldigital.com.br\/index.php?rest_route=%2Fwp%2Fv2%2Ftags&post=183374"}],"curies":[{"name":"wp","href":"https:\/\/api.w.org\/{rel}","templated":true}]}}