{"id":183350,"date":"2021-06-02T06:00:41","date_gmt":"2021-06-02T09:00:41","guid":{"rendered":"https:\/\/diarioregionaldigital.com.br\/?p=183350"},"modified":"2021-06-01T21:31:09","modified_gmt":"2021-06-02T00:31:09","slug":"na-pauta-6","status":"publish","type":"post","link":"https:\/\/diarioregionaldigital.com.br\/?p=183350","title":{"rendered":"Na Pauta"},"content":{"rendered":"<p style=\"text-align: center;\"><strong>Na Pauta<\/strong><\/p>\n<p style=\"text-align: center;\">O Sindipan fechou o primeiro ciclo festivo de produtos de padaria, no qual foram eleitos os mais belos pudins, tortas, roscas doce e cesto de p\u00e3es. A a\u00e7\u00e3o foi o pontap\u00e9 da campanha \u201cP\u00e3o de todo dia \u00e9 na padaria\u201d. Ponto para o presidente Heveraldo Lima de Castro.<\/p>\n<p style=\"text-align: center;\"><strong>Talento<\/strong><\/p>\n<p style=\"text-align: center;\">O arquiteto e artista pl\u00e1stico H\u00e9lio Pellegrino assina mais um projeto em B\u00fazios. O hotel Jubarte Conceito Praia da Ferradura foi pensado para ficar imerso na vegeta\u00e7\u00e3o local, com muitas \u00e1reas integradas e apenas 15 quartos, todos com varanda e vista para o jardim e o mar. Um luxo.<\/p>\n<p style=\"text-align: center;\"><strong>Brilhos, Plumas e Paet\u00eas<\/strong><\/p>\n<p style=\"text-align: center;\">A coordena\u00e7\u00e3o do Miss Brasil Gay e do Rainbow Fest decidiram que a 40\u00aa edi\u00e7\u00e3o do concurso n\u00e3o ser\u00e1 realizada este ano. Por causa da pandemia, a coordena\u00e7\u00e3o achou prudente e respons\u00e1vel adiar mais uma vez o concurso e o Rainbow Fest para 2022. Aplausos<\/p>\n<p style=\"text-align: center;\"><strong>Eletrobr\u00e1s<\/strong><\/p>\n<p style=\"text-align: center;\">A MP de privatiza\u00e7\u00e3o da Eletrobr\u00e1s tem novidades. Os R$45 bilh\u00f5es receb\u00edveis da Uni\u00e3o para a estatal n\u00e3o devem cair em conta da futura compradora, mas de outra estatal da Eletronuclear. O pal\u00e1cio acordou para o \u2018jabuti\u2019 na emenda do relator.<\/p>\n<div id=\"attachment_183340\" style=\"width: 690px\" class=\"wp-caption aligncenter\"><img loading=\"lazy\" decoding=\"async\" aria-describedby=\"caption-attachment-183340\" class=\"wp-image-183340\" src=\"https:\/\/diarioregionaldigital.com.br\/wp-content\/uploads\/2021\/06\/fotoa.jpg\" alt=\"\" width=\"680\" height=\"930\" srcset=\"https:\/\/diarioregionaldigital.com.br\/wp-content\/uploads\/2021\/06\/fotoa.jpg 702w, https:\/\/diarioregionaldigital.com.br\/wp-content\/uploads\/2021\/06\/fotoa-219x300.jpg 219w, https:\/\/diarioregionaldigital.com.br\/wp-content\/uploads\/2021\/06\/fotoa-360x492.jpg 360w\" sizes=\"auto, (max-width: 680px) 100vw, 680px\" \/><p id=\"caption-attachment-183340\" class=\"wp-caption-text\">A Miss Juiz de Fora 2021, Iasmin Campos Cordeiro e o Mr. Juiz de Fora 2021 Igor Juliani, bel\u00edssimos, novos e cheios de borogod\u00f3. (Produ\u00e7\u00e3o Diley Almeida)<\/p><\/div>\n<div id=\"attachment_183341\" style=\"width: 690px\" class=\"wp-caption aligncenter\"><img loading=\"lazy\" decoding=\"async\" aria-describedby=\"caption-attachment-183341\" class=\"wp-image-183341\" src=\"https:\/\/diarioregionaldigital.com.br\/wp-content\/uploads\/2021\/06\/fotoaa-e1622593212806.jpg\" alt=\"\" width=\"680\" height=\"470\" srcset=\"https:\/\/diarioregionaldigital.com.br\/wp-content\/uploads\/2021\/06\/fotoaa-e1622593212806.jpg 712w, https:\/\/diarioregionaldigital.com.br\/wp-content\/uploads\/2021\/06\/fotoaa-e1622593212806-300x207.jpg 300w, https:\/\/diarioregionaldigital.com.br\/wp-content\/uploads\/2021\/06\/fotoaa-e1622593212806-360x249.jpg 360w, https:\/\/diarioregionaldigital.com.br\/wp-content\/uploads\/2021\/06\/fotoaa-e1622593212806-100x70.jpg 100w\" sizes=\"auto, (max-width: 680px) 100vw, 680px\" \/><p id=\"caption-attachment-183341\" class=\"wp-caption-text\">Aniversariando o pequeno Rodrigo Vardiere Estaca, em grande estilo<\/p><\/div>\n<div id=\"attachment_183342\" style=\"width: 690px\" class=\"wp-caption aligncenter\"><img loading=\"lazy\" decoding=\"async\" aria-describedby=\"caption-attachment-183342\" class=\"wp-image-183342\" src=\"https:\/\/diarioregionaldigital.com.br\/wp-content\/uploads\/2021\/06\/fotoc-e1622593231312.jpg\" alt=\"\" width=\"680\" height=\"485\" srcset=\"https:\/\/diarioregionaldigital.com.br\/wp-content\/uploads\/2021\/06\/fotoc-e1622593231312.jpg 510w, https:\/\/diarioregionaldigital.com.br\/wp-content\/uploads\/2021\/06\/fotoc-e1622593231312-300x214.jpg 300w, https:\/\/diarioregionaldigital.com.br\/wp-content\/uploads\/2021\/06\/fotoc-e1622593231312-360x257.jpg 360w, https:\/\/diarioregionaldigital.com.br\/wp-content\/uploads\/2021\/06\/fotoc-e1622593231312-100x70.jpg 100w\" sizes=\"auto, (max-width: 680px) 100vw, 680px\" \/><p id=\"caption-attachment-183342\" class=\"wp-caption-text\">Em seu consult\u00f3rio Dr. Bruno Franco recebeu a bela P\u00e2mela Fontainha<\/p><\/div>\n<div id=\"attachment_183345\" style=\"width: 690px\" class=\"wp-caption aligncenter\"><img loading=\"lazy\" decoding=\"async\" aria-describedby=\"caption-attachment-183345\" class=\"wp-image-183345\" src=\"https:\/\/diarioregionaldigital.com.br\/wp-content\/uploads\/2021\/06\/fotof-e1622593322594.jpg\" alt=\"\" width=\"680\" height=\"585\" srcset=\"https:\/\/diarioregionaldigital.com.br\/wp-content\/uploads\/2021\/06\/fotof-e1622593322594.jpg 1438w, https:\/\/diarioregionaldigital.com.br\/wp-content\/uploads\/2021\/06\/fotof-e1622593322594-300x258.jpg 300w, https:\/\/diarioregionaldigital.com.br\/wp-content\/uploads\/2021\/06\/fotof-e1622593322594-1024x881.jpg 1024w, https:\/\/diarioregionaldigital.com.br\/wp-content\/uploads\/2021\/06\/fotof-e1622593322594-768x661.jpg 768w, https:\/\/diarioregionaldigital.com.br\/wp-content\/uploads\/2021\/06\/fotof-e1622593322594-360x310.jpg 360w\" sizes=\"auto, (max-width: 680px) 100vw, 680px\" \/><p id=\"caption-attachment-183345\" class=\"wp-caption-text\">Gente querida, Gustavo Mattos e Marcella Nascimento e o robusto filho Gabriel<\/p><\/div>\n<div id=\"attachment_183346\" style=\"width: 690px\" class=\"wp-caption aligncenter\"><img loading=\"lazy\" decoding=\"async\" aria-describedby=\"caption-attachment-183346\" class=\"wp-image-183346\" src=\"https:\/\/diarioregionaldigital.com.br\/wp-content\/uploads\/2021\/06\/fotog-e1622593346959.jpg\" alt=\"\" width=\"680\" height=\"537\" srcset=\"https:\/\/diarioregionaldigital.com.br\/wp-content\/uploads\/2021\/06\/fotog-e1622593346959.jpg 524w, https:\/\/diarioregionaldigital.com.br\/wp-content\/uploads\/2021\/06\/fotog-e1622593346959-300x237.jpg 300w, https:\/\/diarioregionaldigital.com.br\/wp-content\/uploads\/2021\/06\/fotog-e1622593346959-360x284.jpg 360w\" sizes=\"auto, (max-width: 680px) 100vw, 680px\" \/><p id=\"caption-attachment-183346\" class=\"wp-caption-text\">Em destaque, Ivone Moratori Benevenutto com as lindas filhas Helena e Beatriz<\/p><\/div>\n<div id=\"attachment_183344\" style=\"width: 690px\" class=\"wp-caption aligncenter\"><img loading=\"lazy\" decoding=\"async\" aria-describedby=\"caption-attachment-183344\" class=\"wp-image-183344\" src=\"https:\/\/diarioregionaldigital.com.br\/wp-content\/uploads\/2021\/06\/fotoe-e1622593287940.jpg\" alt=\"\" width=\"680\" height=\"493\" srcset=\"https:\/\/diarioregionaldigital.com.br\/wp-content\/uploads\/2021\/06\/fotoe-e1622593287940.jpg 674w, https:\/\/diarioregionaldigital.com.br\/wp-content\/uploads\/2021\/06\/fotoe-e1622593287940-300x218.jpg 300w, https:\/\/diarioregionaldigital.com.br\/wp-content\/uploads\/2021\/06\/fotoe-e1622593287940-360x261.jpg 360w\" sizes=\"auto, (max-width: 680px) 100vw, 680px\" \/><p id=\"caption-attachment-183344\" class=\"wp-caption-text\">Momento musical l\u00fadico reuniu: o ator e cantor Marcelo Melo J\u00fanior, Giovanni Fink e o cantor juiz-forano Vitin<\/p><\/div>\n<div id=\"attachment_183343\" style=\"width: 690px\" class=\"wp-caption aligncenter\"><img loading=\"lazy\" decoding=\"async\" aria-describedby=\"caption-attachment-183343\" class=\"wp-image-183343\" src=\"https:\/\/diarioregionaldigital.com.br\/wp-content\/uploads\/2021\/06\/fotod-e1622593262830.jpg\" alt=\"\" width=\"680\" height=\"466\" srcset=\"https:\/\/diarioregionaldigital.com.br\/wp-content\/uploads\/2021\/06\/fotod-e1622593262830.jpg 717w, https:\/\/diarioregionaldigital.com.br\/wp-content\/uploads\/2021\/06\/fotod-e1622593262830-300x205.jpg 300w, https:\/\/diarioregionaldigital.com.br\/wp-content\/uploads\/2021\/06\/fotod-e1622593262830-360x247.jpg 360w, https:\/\/diarioregionaldigital.com.br\/wp-content\/uploads\/2021\/06\/fotod-e1622593262830-100x70.jpg 100w\" sizes=\"auto, (max-width: 680px) 100vw, 680px\" \/><p id=\"caption-attachment-183343\" class=\"wp-caption-text\">Mulheres poderosas reunidas no Restaurante Le Portuga: Elaine Quaresma, Andr\u00e9a Picorelli, M\u00f4nica Gomide, Florinha Carmo e Wanda Magnolo<\/p><\/div>\n<p style=\"text-align: center;\"><strong>FOTOSS\u00cdNTESE<\/strong><\/p>\n<p>Toque sutil: Se voc\u00ea quer se chique montando uma linda mesa de jantar com copos, talheres, pratos e guardanapos lindos, nunca coloque garrafa pet de refrigerante na mesa. Anote.<\/p>\n<p>Causou impacto no YouTube da Santa Casa de Juiz de Fora, a palestra da m\u00e9dica Maria Z\u00e9lia Tavares Moreira sobre o Dia Mundial de Prote\u00e7\u00e3o ao Aleitamento Materno.<\/p>\n<p>Em ritmo de otimismo total, o vereador Marlon Siqueira comemora a confirma\u00e7\u00e3o de remessa para Juiz de Fora da vacina da Pfizer.<\/p>\n<p>O ator e produtor cultural Adelino Benedito estreia projeto audiovisual para divulga\u00e7\u00e3o de textos de artistas negros. Nos v\u00eddeos, gravados no Teatro Paschoal Carlos Magno, teve dire\u00e7\u00e3o de fotografia do talentoso Chester Marcone.<\/p>\n<p>As pra\u00e7as de Bom Pastor e o Parque da Lajinha j\u00e1 est\u00e3o recebendo visita\u00e7\u00e3o.<\/p>\n<p>Vem ai o document\u00e1rio lindo sinalizando a trajet\u00f3ria do titular desta p\u00e1gina. O t\u00edtulo ser\u00e1 \u201cO colunista nos bra\u00e7os do povo\u201d. Depoimentos, bastidores de jornal e TV ser\u00e3o conceituados de forma simples e elegante.<\/p>\n<p>A prefeita de Juiz de Fora, Margarida Salom\u00e3o confirmou pelas redes sociais a sua indica\u00e7\u00e3o para a vice-presidencia para Direitos Humanos da Frente Nacional de Prefeitos.<\/p>\n<p>A People Club vira hub de benef\u00edcios, fecha parceria com IFood e ser\u00e1 acelerada pela Relp Aceleradora.<\/p>\n<p>Dica: Chocolates da loja Chang\u00ea da linha Prawer para o Dia dos Namorados.<\/p>\n<p>Recadinho b\u00e1sico: N\u00e3o saia da Igreja dizendo que n\u00e3o gostou do culto. O culto \u00e9 oferecido a Deus e n\u00e3o a voc\u00ea. Bom dia.<\/p>\n<p><img loading=\"lazy\" decoding=\"async\" class=\"aligncenter size-full wp-image-183347\" src=\"https:\/\/diarioregionaldigital.com.br\/wp-content\/uploads\/2021\/06\/anuncio38-scaled.jpg\" alt=\"\" width=\"2560\" height=\"987\" srcset=\"https:\/\/diarioregionaldigital.com.br\/wp-content\/uploads\/2021\/06\/anuncio38-scaled.jpg 2560w, https:\/\/diarioregionaldigital.com.br\/wp-content\/uploads\/2021\/06\/anuncio38-300x116.jpg 300w, https:\/\/diarioregionaldigital.com.br\/wp-content\/uploads\/2021\/06\/anuncio38-1024x395.jpg 1024w, https:\/\/diarioregionaldigital.com.br\/wp-content\/uploads\/2021\/06\/anuncio38-768x296.jpg 768w, https:\/\/diarioregionaldigital.com.br\/wp-content\/uploads\/2021\/06\/anuncio38-1536x592.jpg 1536w, https:\/\/diarioregionaldigital.com.br\/wp-content\/uploads\/2021\/06\/anuncio38-2048x790.jpg 2048w, https:\/\/diarioregionaldigital.com.br\/wp-content\/uploads\/2021\/06\/anuncio38-360x139.jpg 360w\" sizes=\"auto, (max-width: 2560px) 100vw, 2560px\" \/><\/p>\n","protected":false},"excerpt":{"rendered":"<p>Na Pauta O Sindipan fechou o primeiro ciclo festivo de produtos de padaria, no qual foram eleitos os mais belos pudins, tortas, roscas doce e cesto de p\u00e3es. A a\u00e7\u00e3o foi o pontap\u00e9 da campanha \u201cP\u00e3o de todo dia \u00e9 na padaria\u201d. Ponto para o presidente Heveraldo Lima de Castro. Talento O arquiteto e artista [&hellip;]<\/p>\n","protected":false},"author":253,"featured_media":183354,"comment_status":"closed","ping_status":"closed","sticky":false,"template":"","format":"standard","meta":{"footnotes":""},"categories":[264],"tags":[],"class_list":["post-183350","post","type-post","status-publish","format-standard","has-post-thumbnail","hentry","category-eduardo-gomes"],"_links":{"self":[{"href":"https:\/\/diarioregionaldigital.com.br\/index.php?rest_route=\/wp\/v2\/posts\/183350","targetHints":{"allow":["GET"]}}],"collection":[{"href":"https:\/\/diarioregionaldigital.com.br\/index.php?rest_route=\/wp\/v2\/posts"}],"about":[{"href":"https:\/\/diarioregionaldigital.com.br\/index.php?rest_route=\/wp\/v2\/types\/post"}],"author":[{"embeddable":true,"href":"https:\/\/diarioregionaldigital.com.br\/index.php?rest_route=\/wp\/v2\/users\/253"}],"replies":[{"embeddable":true,"href":"https:\/\/diarioregionaldigital.com.br\/index.php?rest_route=%2Fwp%2Fv2%2Fcomments&post=183350"}],"version-history":[{"count":2,"href":"https:\/\/diarioregionaldigital.com.br\/index.php?rest_route=\/wp\/v2\/posts\/183350\/revisions"}],"predecessor-version":[{"id":183353,"href":"https:\/\/diarioregionaldigital.com.br\/index.php?rest_route=\/wp\/v2\/posts\/183350\/revisions\/183353"}],"wp:featuredmedia":[{"embeddable":true,"href":"https:\/\/diarioregionaldigital.com.br\/index.php?rest_route=\/wp\/v2\/media\/183354"}],"wp:attachment":[{"href":"https:\/\/diarioregionaldigital.com.br\/index.php?rest_route=%2Fwp%2Fv2%2Fmedia&parent=183350"}],"wp:term":[{"taxonomy":"category","embeddable":true,"href":"https:\/\/diarioregionaldigital.com.br\/index.php?rest_route=%2Fwp%2Fv2%2Fcategories&post=183350"},{"taxonomy":"post_tag","embeddable":true,"href":"https:\/\/diarioregionaldigital.com.br\/index.php?rest_route=%2Fwp%2Fv2%2Ftags&post=183350"}],"curies":[{"name":"wp","href":"https:\/\/api.w.org\/{rel}","templated":true}]}}