{"id":183314,"date":"2021-06-01T17:48:33","date_gmt":"2021-06-01T20:48:33","guid":{"rendered":"https:\/\/diarioregionaldigital.com.br\/?p=183314"},"modified":"2021-06-01T17:48:33","modified_gmt":"2021-06-01T20:48:33","slug":"selecao-de-remo-paralimpico-busca-novas-vagas-para-toquio-em-regata-na-italia","status":"publish","type":"post","link":"https:\/\/diarioregionaldigital.com.br\/?p=183314","title":{"rendered":"Sele\u00e7\u00e3o de remo paral\u00edmpico busca novas vagas para T\u00f3quio em regata na It\u00e1lia"},"content":{"rendered":"<p>A Sele\u00e7\u00e3o Brasileira de remo paral\u00edmpico embarou neste fim de semana para a It\u00e1lia em busca de mais duas vagas para os Jogos Paral\u00edmpicos de T\u00f3quio. As oportunidades v\u00e3o ocorrer durante a Regata de Gavirate, entre os dias 3 e 5 de junho.<\/p>\n<p>Antes da viagem, a equipe ficou concentrada no Centro de Treinamento Paral\u00edmpico, em S\u00e3o Paulo, para mais uma fase de treinamentos no local, com todos os atletas submetidos ao protocolo sanit\u00e1rio elaborado pela \u00e1rea da Sa\u00fade do Comit\u00ea Paral\u00edmpico Brasileiro (CPB).<\/p>\n<p>A equipe cumpriu um cronograma de treinos que contemplaram sess\u00f5es na raia ol\u00edmpica do Centro de Pr\u00e1ticas Esportivas da Universidade de S\u00e3o Paulo (CEPEUSP) e treinos de muscula\u00e7\u00e3o na academia do CT Paral\u00edmpico.<\/p>\n<p>A primeira tentativa na regata ser\u00e1 com a paulista Cl\u00e1udia Santos, no barco single skiff feminino pela classe PR1 (formada por remadores que possuem somente mobilidade de ombros e bra\u00e7os). A remadora brasileira concorre a uma \u00fanica vaga diante de concorrentes de Arg\u00e9lia, It\u00e1lia, R\u00fassia e Su\u00e9cia.<\/p>\n<p>A outra vaga que o Brasil vai tentar na competi\u00e7\u00e3o ser\u00e1 no barco quatro com misto PR3 (para remadores com defici\u00eancia visual ou defici\u00eancias leves e t\u00eam mobilidade nas pernas, troncos e bra\u00e7os), formado por dois homens, duas mulheres e um timoneiro.<\/p>\n<p>Para esta seletiva, que vai oferecer duas vagas em T\u00f3quio, a equipe ser\u00e1 formada pelos atletas Jairo Klug (PR3), Valdeni Silva J\u00fanior (PR3), Ana Paula Souza (PR3) e Diana Barcelos (PR3), al\u00e9m do timoneiro Jucelino Silva. Claudia e todos os demais remadores envolvidos na seletiva s\u00e3o integrantes do Bolsa Atleta, programa de patroc\u00ednio individual do Governo Federal, executado pela Secretaria Especial do Esporte do Minist\u00e9rio da Cidadania.<\/p>\n<p>&#8220;Desde o in\u00edcio da pandemia, adotamos estrat\u00e9gias para manter os atletas motivados, treinando com simulador de remo e com avalia\u00e7\u00f5es semanais. Essa regata \u00e9 superimportante. Vamos fazer de tudo para que possamos ir com a delega\u00e7\u00e3o completa para T\u00f3quio&#8221;, afirmou Guilherme Soares, coordenador t\u00e9cnico da Confedera\u00e7\u00e3o Brasileira de Remo.<\/p>\n<p>&#8220;Gavirate \u00e9 uma raia aberta, r\u00e1pida, boa de remar. E, com o barco italiano que vamos usar l\u00e1 na competi\u00e7\u00e3o, vamos conseguir melhorar o nosso tempo. Ent\u00e3o, estamos confiantes que possamos ter um bom desempenho e estar na disputa pela classifica\u00e7\u00e3o&#8221;, completou Jucelino Silva, timoneiro da Sele\u00e7\u00e3o.<\/p>\n<p>No Mundial da modalidade em 2019, o Brasil j\u00e1 havia conquistado duas vagas paras os Jogos de T\u00f3quio. Uma delas foi no barco single skiff masculino pela classe PR1 e outra no misto double skiff misto pela classe PR2 (para remadores que possuem somente mobilidade nos troncos e nos bra\u00e7os), sendo um homem e uma mulher, ambos com assento fixo.<\/p>\n<p>&#8220;Treinamos pensando em momentos como estes, de estar em uma edi\u00e7\u00e3o de Jogos Paral\u00edmpicos, conquistando medalha. Se acontecer, vai ser uma felicidade grande representar o nosso pa\u00eds novamente nos Jogos, numa modalidade que sou recordista de t\u00edtulos brasileiros&#8221;, disse Ren\u00ea Pereira, cadeirante da classe PR1 e sexto colocado no Rio 2016 no single skiff masculino.<\/p>\n<p>Fonte: Comit\u00ea Paral\u00edmpico Brasileiro<\/p>\n","protected":false},"excerpt":{"rendered":"<p>A Sele\u00e7\u00e3o Brasileira de remo paral\u00edmpico embarou neste fim de semana para a It\u00e1lia em busca de mais duas vagas para os Jogos Paral\u00edmpicos de T\u00f3quio. As oportunidades v\u00e3o ocorrer durante a Regata de Gavirate, entre os dias 3 e 5 de junho. Antes da viagem, a equipe ficou concentrada no Centro de Treinamento Paral\u00edmpico, [&hellip;]<\/p>\n","protected":false},"author":246,"featured_media":183315,"comment_status":"closed","ping_status":"closed","sticky":false,"template":"","format":"standard","meta":{"footnotes":""},"categories":[436,257,439],"tags":[],"class_list":["post-183314","post","type-post","status-publish","format-standard","has-post-thumbnail","hentry","category-destaque-da-semana","category-esporte","category-ultima-hora"],"_links":{"self":[{"href":"https:\/\/diarioregionaldigital.com.br\/index.php?rest_route=\/wp\/v2\/posts\/183314","targetHints":{"allow":["GET"]}}],"collection":[{"href":"https:\/\/diarioregionaldigital.com.br\/index.php?rest_route=\/wp\/v2\/posts"}],"about":[{"href":"https:\/\/diarioregionaldigital.com.br\/index.php?rest_route=\/wp\/v2\/types\/post"}],"author":[{"embeddable":true,"href":"https:\/\/diarioregionaldigital.com.br\/index.php?rest_route=\/wp\/v2\/users\/246"}],"replies":[{"embeddable":true,"href":"https:\/\/diarioregionaldigital.com.br\/index.php?rest_route=%2Fwp%2Fv2%2Fcomments&post=183314"}],"version-history":[{"count":1,"href":"https:\/\/diarioregionaldigital.com.br\/index.php?rest_route=\/wp\/v2\/posts\/183314\/revisions"}],"predecessor-version":[{"id":183316,"href":"https:\/\/diarioregionaldigital.com.br\/index.php?rest_route=\/wp\/v2\/posts\/183314\/revisions\/183316"}],"wp:featuredmedia":[{"embeddable":true,"href":"https:\/\/diarioregionaldigital.com.br\/index.php?rest_route=\/wp\/v2\/media\/183315"}],"wp:attachment":[{"href":"https:\/\/diarioregionaldigital.com.br\/index.php?rest_route=%2Fwp%2Fv2%2Fmedia&parent=183314"}],"wp:term":[{"taxonomy":"category","embeddable":true,"href":"https:\/\/diarioregionaldigital.com.br\/index.php?rest_route=%2Fwp%2Fv2%2Fcategories&post=183314"},{"taxonomy":"post_tag","embeddable":true,"href":"https:\/\/diarioregionaldigital.com.br\/index.php?rest_route=%2Fwp%2Fv2%2Ftags&post=183314"}],"curies":[{"name":"wp","href":"https:\/\/api.w.org\/{rel}","templated":true}]}}