{"id":183311,"date":"2021-06-01T17:44:11","date_gmt":"2021-06-01T20:44:11","guid":{"rendered":"https:\/\/diarioregionaldigital.com.br\/?p=183311"},"modified":"2021-06-01T17:44:11","modified_gmt":"2021-06-01T20:44:11","slug":"eduardo-pazuello-e-nomeado-para-cargo-na-presidencia-da-republica","status":"publish","type":"post","link":"https:\/\/diarioregionaldigital.com.br\/?p=183311","title":{"rendered":"Eduardo Pazuello \u00e9 nomeado para cargo na Presid\u00eancia da Rep\u00fablica"},"content":{"rendered":"<p>O ex-ministro da Sa\u00fade Eduardo Pazuello foi nomeado nesta ter\u00e7a-feira (1\u00ba) para o cargo de secret\u00e1rio de Estudos Estrat\u00e9gicos da Secretaria Especial de Assuntos Estrat\u00e9gicos, vinculada \u00e0 Presid\u00eancia da Rep\u00fablica. Trata-se de um cargo comissionado de Dire\u00e7\u00e3o e Assessoramento Superior (DAS).<img decoding=\"async\" src=\"https:\/\/agenciabrasil.ebc.com.br\/ebc.png?id=1411408&amp;o=node\" \/><img decoding=\"async\" src=\"https:\/\/agenciabrasil.ebc.com.br\/ebc.gif?id=1411408&amp;o=node\" \/><\/p>\n<p>A nomea\u00e7\u00e3o de Pazuello foi publicada em edi\u00e7\u00e3o extra do\u00a0<a href=\"https:\/\/www.in.gov.br\/en\/web\/dou\/-\/portaria-n-624-de-1-de-junho-de-2021-323500415\" target=\"_blank\" rel=\"noopener\">Di\u00e1rio Oficial da Uni\u00e3o<\/a>\u00a0(DOU), em portaria assinada pelo ministro-chefe da Casa Civil, Luiz Eduardo Ramos.<\/p>\n<p>O ex-ministro deixou a pasta da Sa\u00fade h\u00e1 pouco mais de dois meses e meio,\u00a0<a href=\"https:\/\/agenciabrasil.ebc.com.br\/saude\/noticia\/2021-03\/marcelo-queiroga-e-nomeado-ministro-da-saude\" target=\"_blank\" rel=\"noopener\">substitu\u00eddo pelo m\u00e9dico Marcelo Queiroga<\/a>. Em seguida, Pazuello, que \u00e9 general da ativa do Ex\u00e9rcito, voltou a exercer atividades na pr\u00f3pria corpora\u00e7\u00e3o.<\/p>\n<p>H\u00e1 cerca de dez dias, o ex-ministro dep\u00f4s na Comiss\u00e3o Parlamentar de Inqu\u00e9rito (CPI) do Senado.<br \/>\n<span style=\"font-weight: 400;\"><br \/>\n<\/span><span style=\"font-weight: 400;\">Fonte: Ag\u00eancia Brasil <\/span><\/p>\n","protected":false},"excerpt":{"rendered":"<p>O ex-ministro da Sa\u00fade Eduardo Pazuello foi nomeado nesta ter\u00e7a-feira (1\u00ba) para o cargo de secret\u00e1rio de Estudos Estrat\u00e9gicos da Secretaria Especial de Assuntos Estrat\u00e9gicos, vinculada \u00e0 Presid\u00eancia da Rep\u00fablica. Trata-se de um cargo comissionado de Dire\u00e7\u00e3o e Assessoramento Superior (DAS). A nomea\u00e7\u00e3o de Pazuello foi publicada em edi\u00e7\u00e3o extra do\u00a0Di\u00e1rio Oficial da Uni\u00e3o\u00a0(DOU), em [&hellip;]<\/p>\n","protected":false},"author":246,"featured_media":183312,"comment_status":"closed","ping_status":"closed","sticky":false,"template":"","format":"standard","meta":{"footnotes":""},"categories":[436,254,439],"tags":[],"class_list":["post-183311","post","type-post","status-publish","format-standard","has-post-thumbnail","hentry","category-destaque-da-semana","category-politica","category-ultima-hora"],"_links":{"self":[{"href":"https:\/\/diarioregionaldigital.com.br\/index.php?rest_route=\/wp\/v2\/posts\/183311","targetHints":{"allow":["GET"]}}],"collection":[{"href":"https:\/\/diarioregionaldigital.com.br\/index.php?rest_route=\/wp\/v2\/posts"}],"about":[{"href":"https:\/\/diarioregionaldigital.com.br\/index.php?rest_route=\/wp\/v2\/types\/post"}],"author":[{"embeddable":true,"href":"https:\/\/diarioregionaldigital.com.br\/index.php?rest_route=\/wp\/v2\/users\/246"}],"replies":[{"embeddable":true,"href":"https:\/\/diarioregionaldigital.com.br\/index.php?rest_route=%2Fwp%2Fv2%2Fcomments&post=183311"}],"version-history":[{"count":1,"href":"https:\/\/diarioregionaldigital.com.br\/index.php?rest_route=\/wp\/v2\/posts\/183311\/revisions"}],"predecessor-version":[{"id":183313,"href":"https:\/\/diarioregionaldigital.com.br\/index.php?rest_route=\/wp\/v2\/posts\/183311\/revisions\/183313"}],"wp:featuredmedia":[{"embeddable":true,"href":"https:\/\/diarioregionaldigital.com.br\/index.php?rest_route=\/wp\/v2\/media\/183312"}],"wp:attachment":[{"href":"https:\/\/diarioregionaldigital.com.br\/index.php?rest_route=%2Fwp%2Fv2%2Fmedia&parent=183311"}],"wp:term":[{"taxonomy":"category","embeddable":true,"href":"https:\/\/diarioregionaldigital.com.br\/index.php?rest_route=%2Fwp%2Fv2%2Fcategories&post=183311"},{"taxonomy":"post_tag","embeddable":true,"href":"https:\/\/diarioregionaldigital.com.br\/index.php?rest_route=%2Fwp%2Fv2%2Ftags&post=183311"}],"curies":[{"name":"wp","href":"https:\/\/api.w.org\/{rel}","templated":true}]}}