{"id":183307,"date":"2021-06-01T17:41:52","date_gmt":"2021-06-01T20:41:52","guid":{"rendered":"https:\/\/diarioregionaldigital.com.br\/?p=183307"},"modified":"2021-06-01T17:41:52","modified_gmt":"2021-06-01T20:41:52","slug":"bolsonaro-diz-que-governo-atuara-por-copa-america-no-brasil","status":"publish","type":"post","link":"https:\/\/diarioregionaldigital.com.br\/?p=183307","title":{"rendered":"Bolsonaro diz que governo atuar\u00e1 por Copa Am\u00e9rica no Brasil"},"content":{"rendered":"<p>O presidente Bolsonaro disse hoje (1\u00ba), em Bras\u00edlia, que, &#8220;no que depender do governo federal&#8221;, a Copa Am\u00e9rica ser\u00e1 realizada no Brasil. Segundo ele, a decis\u00e3o foi tomada ap\u00f3s consulta feita a ministros.<\/p>\n<p>\u201cFui procurado pela CBF [Confedera\u00e7\u00e3o Brasileira de Futebol] com a informa\u00e7\u00e3o de que a Argentina n\u00e3o iria mais sediar a Copa Am\u00e9rica, e perguntaram se o Brasil poderia sedi\u00e1-la. A primeira resposta foi &#8216;a princ\u00edpio, sim&#8217;. Conversei com ministros [de pastas] que poderiam estar envolvidos no evento, e eles foram un\u00e2nimes. Todos deram sinal positivo\u201d, disse o presidente em cerim\u00f4nia no Pal\u00e1cio do Planalto, destinada \u00e0 assinatura de contratos de patroc\u00ednio com outras confedera\u00e7\u00f5es esportivas.<\/p>\n<p>Bolsonaro acrescentou: \u201cConsidero este um assunto encerrado. Todos os meus ministros s\u00e3o favor\u00e1veis \u00e0 Copa Am\u00e9rica no Brasil, com os mesmos protocolos das Eliminat\u00f3rias [da Copa do Mundo] e da Libertadores das Am\u00e9ricas. Caso encerrado\u201d.<\/p>\n<p>Na avalia\u00e7\u00e3o do presidente, as cr\u00edticas \u00e0 realiza\u00e7\u00e3o do evento no Brasil partem de emissoras que n\u00e3o det\u00eam os direitos de transmiss\u00e3o dos jogos. Bolsonaro disse que n\u00e3o v\u00ea problema na realiza\u00e7\u00e3o de eventos futebol\u00edsticos, caso os times sigam os protocolos, e criticou os ve\u00edculos midi\u00e1ticos que, para ele, exageram nas afirma\u00e7\u00f5es de que a realiza\u00e7\u00e3o das partidas poderia piorar a situa\u00e7\u00e3o pand\u00eamica no pa\u00eds.<\/p>\n<p>\u201cQuando dei sinal verde houve quase uma hecatombe no meio jornal\u00edstico, de que estar\u00edamos importando numa nova cepa [do v\u00edrus]&#8221;, disse. A Copa Am\u00e9rica est\u00e1 prevista para ser realizada entre 13 de junho e 10 de julho.<\/p>\n<p><strong>Senado<br \/>\n<\/strong><br \/>\nA possibilidade de realiza\u00e7\u00e3o da Copa Am\u00e9rica no Brasil tamb\u00e9m foi discutida hoje na reuni\u00e3o de Comiss\u00e3o Parlamentar de Inqu\u00e9rito (CPI) da Pandemia do Senado Federal. O relator do colegiado, senador Renan Calheiros (MDB-AL), fez um apelo ao jogador Neymar, da sele\u00e7\u00e3o brasileira, para que ele se posicione de forma contr\u00e1ria \u00e0 realiza\u00e7\u00e3o da competi\u00e7\u00e3o no Brasil.<\/p>\n<p>\u201cN\u00e3o \u00e9 esse o campeonato que n\u00f3s precisamos agora disputar. N\u00f3s precisamos disputar o campeonato da vacina\u00e7\u00e3o. \u00c9 esse campeonato, Neymar, que n\u00f3s precisamos disputar, ganhar, e voc\u00ea precisa marcar gols para que esse placar seja alterado\u201d, ressaltou logo no inicio da reuni\u00e3o de hoje dedicada a ouvir a m\u00e9dica oncologista e imunologista Nise Yamaguchi.<span style=\"font-weight: 400;\"><br \/>\n<\/span><span style=\"font-weight: 400;\"><br \/>\n<\/span><span style=\"font-weight: 400;\">Fonte: Ag\u00eancia Brasil <\/span><\/p>\n","protected":false},"excerpt":{"rendered":"<p>O presidente Bolsonaro disse hoje (1\u00ba), em Bras\u00edlia, que, &#8220;no que depender do governo federal&#8221;, a Copa Am\u00e9rica ser\u00e1 realizada no Brasil. Segundo ele, a decis\u00e3o foi tomada ap\u00f3s consulta feita a ministros. \u201cFui procurado pela CBF [Confedera\u00e7\u00e3o Brasileira de Futebol] com a informa\u00e7\u00e3o de que a Argentina n\u00e3o iria mais sediar a Copa Am\u00e9rica, [&hellip;]<\/p>\n","protected":false},"author":246,"featured_media":183308,"comment_status":"closed","ping_status":"closed","sticky":false,"template":"","format":"standard","meta":{"footnotes":""},"categories":[440,254,439],"tags":[],"class_list":["post-183307","post","type-post","status-publish","format-standard","has-post-thumbnail","hentry","category-destaques-do-dia","category-politica","category-ultima-hora"],"_links":{"self":[{"href":"https:\/\/diarioregionaldigital.com.br\/index.php?rest_route=\/wp\/v2\/posts\/183307","targetHints":{"allow":["GET"]}}],"collection":[{"href":"https:\/\/diarioregionaldigital.com.br\/index.php?rest_route=\/wp\/v2\/posts"}],"about":[{"href":"https:\/\/diarioregionaldigital.com.br\/index.php?rest_route=\/wp\/v2\/types\/post"}],"author":[{"embeddable":true,"href":"https:\/\/diarioregionaldigital.com.br\/index.php?rest_route=\/wp\/v2\/users\/246"}],"replies":[{"embeddable":true,"href":"https:\/\/diarioregionaldigital.com.br\/index.php?rest_route=%2Fwp%2Fv2%2Fcomments&post=183307"}],"version-history":[{"count":2,"href":"https:\/\/diarioregionaldigital.com.br\/index.php?rest_route=\/wp\/v2\/posts\/183307\/revisions"}],"predecessor-version":[{"id":183310,"href":"https:\/\/diarioregionaldigital.com.br\/index.php?rest_route=\/wp\/v2\/posts\/183307\/revisions\/183310"}],"wp:featuredmedia":[{"embeddable":true,"href":"https:\/\/diarioregionaldigital.com.br\/index.php?rest_route=\/wp\/v2\/media\/183308"}],"wp:attachment":[{"href":"https:\/\/diarioregionaldigital.com.br\/index.php?rest_route=%2Fwp%2Fv2%2Fmedia&parent=183307"}],"wp:term":[{"taxonomy":"category","embeddable":true,"href":"https:\/\/diarioregionaldigital.com.br\/index.php?rest_route=%2Fwp%2Fv2%2Fcategories&post=183307"},{"taxonomy":"post_tag","embeddable":true,"href":"https:\/\/diarioregionaldigital.com.br\/index.php?rest_route=%2Fwp%2Fv2%2Ftags&post=183307"}],"curies":[{"name":"wp","href":"https:\/\/api.w.org\/{rel}","templated":true}]}}