{"id":183301,"date":"2021-06-01T17:34:39","date_gmt":"2021-06-01T20:34:39","guid":{"rendered":"https:\/\/diarioregionaldigital.com.br\/?p=183301"},"modified":"2021-06-01T17:34:39","modified_gmt":"2021-06-01T20:34:39","slug":"ministro-diz-que-numeros-do-pib-apontam-para-crescimento-forte","status":"publish","type":"post","link":"https:\/\/diarioregionaldigital.com.br\/?p=183301","title":{"rendered":"Ministro diz que n\u00fameros do PIB apontam para crescimento forte"},"content":{"rendered":"<p>O ministro da Economia, Paulo Guedes, disse hoje (1\u00ba), em Bras\u00edlia, que o resultado do Produto Interno Bruto (PIB) no primeiro trimestre de 2021 aponta para um crescimento forte da economia este ano. Segundo o Instituto Brasileiro de Geografia e Estat\u00edstica (IBGE), houve crescimento de 1,2%, na compara\u00e7\u00e3o com os \u00faltimos tr\u00eas meses do ano passado. O PIB \u00e9 a soma de todas as riquezas produzidas no pa\u00eds.<\/p>\n<p>Em valores correntes, o PIB chegou a R$ 2,048 trilh\u00f5es. Os dados s\u00e3o do Sistema de Contas Nacionais Trimestrais, divulgados hoje, no Rio de Janeiro, pelo IBGE.<\/p>\n<p>\u201cA economia veio forte. Quero manifestar que a economia cresceu no trimestre 1,2% na margem e 1% em rela\u00e7\u00e3o ao primeiro trimestre do ano passado, s\u00f3 no trimestre. O que sinaliza um crescimento bastante forte da economia esse ano\u201d, afirmou Paulo Guedes, durante audi\u00eancia p\u00fablica na Comiss\u00e3o de Educa\u00e7\u00e3o da C\u00e2mara dos Deputados para tratar de cortes or\u00e7ament\u00e1rios das universidades p\u00fablicas.<\/p>\n<p><strong>Tom otimista<br \/>\n<\/strong><br \/>\nSegundo o ministro, o resultado do PIB no primeiro trimestre \u00e9 melhor do que o esperado pelo governo para este per\u00edodo do ano. Ontem (31), o ministro apontou a possibilidade de o PIB crescer at\u00e9 5% neste ano.<\/p>\n<p>\u201cComo a economia caiu muito fortemente na pandemia do ano passado e, esse ano, a pr\u00f3pria amplia\u00e7\u00e3o da vacina\u00e7\u00e3o, o avan\u00e7o dos protocolos e o aprendizado de como se proteger durante a pandemia est\u00e3o protegendo um pouco mais a economia. \u00c9 poss\u00edvel que estejamos crescendo a taxas bem maiores\u201d, argumentou.<\/p>\n<p>Guedes acrescentou que o resultado tamb\u00e9m trouxe uma maior arrecada\u00e7\u00e3o para o governo. O ministro disse que, com esse aumento, vai ser poss\u00edvel realizar a libera\u00e7\u00e3o de recursos contingenciados [bloqueados] do or\u00e7amento.<\/p>\n<p>\u201cA arrecada\u00e7\u00e3o est\u00e1 vindo forte e, na medida em que essa arrecada\u00e7\u00e3o veio, o que a gente fez: a gente tinha bloqueado R$ 9 bi\u201d, disse o ministro, ressaltando que o Minist\u00e9rio da Economia s\u00f3 bloqueou os recursos, mas n\u00e3o \u00e9 respons\u00e1vel pelas rubricas contingenciadas. \u201cAgora vamos desbloquear R$ 4,5 bilh\u00f5es. Desses, cerca de R$ 1 bilh\u00e3o deve ir para o Minist\u00e9rio da Educa\u00e7\u00e3o\u201d, disse o ministro.<br \/>\n<span style=\"font-weight: 400;\"><br \/>\n<\/span><span style=\"font-weight: 400;\">Fonte: Ag\u00eancia Brasil <\/span><\/p>\n","protected":false},"excerpt":{"rendered":"<p>O ministro da Economia, Paulo Guedes, disse hoje (1\u00ba), em Bras\u00edlia, que o resultado do Produto Interno Bruto (PIB) no primeiro trimestre de 2021 aponta para um crescimento forte da economia este ano. Segundo o Instituto Brasileiro de Geografia e Estat\u00edstica (IBGE), houve crescimento de 1,2%, na compara\u00e7\u00e3o com os \u00faltimos tr\u00eas meses do ano [&hellip;]<\/p>\n","protected":false},"author":246,"featured_media":183302,"comment_status":"closed","ping_status":"closed","sticky":false,"template":"","format":"standard","meta":{"footnotes":""},"categories":[440,261,439],"tags":[],"class_list":["post-183301","post","type-post","status-publish","format-standard","has-post-thumbnail","hentry","category-destaques-do-dia","category-economia","category-ultima-hora"],"_links":{"self":[{"href":"https:\/\/diarioregionaldigital.com.br\/index.php?rest_route=\/wp\/v2\/posts\/183301","targetHints":{"allow":["GET"]}}],"collection":[{"href":"https:\/\/diarioregionaldigital.com.br\/index.php?rest_route=\/wp\/v2\/posts"}],"about":[{"href":"https:\/\/diarioregionaldigital.com.br\/index.php?rest_route=\/wp\/v2\/types\/post"}],"author":[{"embeddable":true,"href":"https:\/\/diarioregionaldigital.com.br\/index.php?rest_route=\/wp\/v2\/users\/246"}],"replies":[{"embeddable":true,"href":"https:\/\/diarioregionaldigital.com.br\/index.php?rest_route=%2Fwp%2Fv2%2Fcomments&post=183301"}],"version-history":[{"count":1,"href":"https:\/\/diarioregionaldigital.com.br\/index.php?rest_route=\/wp\/v2\/posts\/183301\/revisions"}],"predecessor-version":[{"id":183303,"href":"https:\/\/diarioregionaldigital.com.br\/index.php?rest_route=\/wp\/v2\/posts\/183301\/revisions\/183303"}],"wp:featuredmedia":[{"embeddable":true,"href":"https:\/\/diarioregionaldigital.com.br\/index.php?rest_route=\/wp\/v2\/media\/183302"}],"wp:attachment":[{"href":"https:\/\/diarioregionaldigital.com.br\/index.php?rest_route=%2Fwp%2Fv2%2Fmedia&parent=183301"}],"wp:term":[{"taxonomy":"category","embeddable":true,"href":"https:\/\/diarioregionaldigital.com.br\/index.php?rest_route=%2Fwp%2Fv2%2Fcategories&post=183301"},{"taxonomy":"post_tag","embeddable":true,"href":"https:\/\/diarioregionaldigital.com.br\/index.php?rest_route=%2Fwp%2Fv2%2Ftags&post=183301"}],"curies":[{"name":"wp","href":"https:\/\/api.w.org\/{rel}","templated":true}]}}