{"id":183292,"date":"2021-06-01T06:00:40","date_gmt":"2021-06-01T09:00:40","guid":{"rendered":"https:\/\/diarioregionaldigital.com.br\/?p=183292"},"modified":"2021-05-31T23:51:34","modified_gmt":"2021-06-01T02:51:34","slug":"pandemia-e-pos-pandemia-2","status":"publish","type":"post","link":"https:\/\/diarioregionaldigital.com.br\/?p=183292","title":{"rendered":"Pandemia e P\u00f3s-Pandemia"},"content":{"rendered":"<p style=\"text-align: center;\"><strong>Ele Merece <\/strong><\/p>\n<p style=\"text-align: center;\">A C\u00e2mara Municipal de Juiz de Fora aprovou o t\u00edtulo de cidad\u00e3o Honor\u00e1rio para o governador Romeu Zema. Natural de Arax\u00e1 no Tri\u00e2ngulo Mineiro, ele dirige o estado desde 1\u00ba de janeiro de 2019.<\/p>\n<p style=\"text-align: center;\"><strong>Na Praia<\/strong><\/p>\n<p style=\"text-align: center;\">Ber\u00e7o de artistas e personalidades, o restaurante e bar La Fiorentina, no Leme (Rio), ganhou de prefeitura o selo de estabelecimento incluso no Cadastro dos Neg\u00f3cios Tradicionais e Not\u00e1veis. Isso da f\u00f4lego a empresa nestes tempos de pandemia. O espa\u00e7o foi fundado em 1957.<\/p>\n<p style=\"text-align: center;\"><strong>Ciclo<\/strong><\/p>\n<p style=\"text-align: center;\">Em boa hora, o Centro Est\u00e1cio de S\u00e1 de Juiz de Fora, promoveu, com sucesso o primeiro evento do ciclo de Di\u00e1logos sobre Direitos Humanos com a tem\u00e1tica \u201cPluralidade em perspectiva: Racismo, Descriminaliza\u00e7\u00e3o e A\u00e7\u00f5es Afirmativas\u201d. O evento aconteceu pela plataforma Microsoft Teams, sendo gratuito e aberto ao p\u00fablico. Novos encontros est\u00e3o agendados para 2 e 9 de junho.<\/p>\n<p style=\"text-align: center;\"><strong>Pandemia e P\u00f3s-Pandemia<\/strong><\/p>\n<p style=\"text-align: center;\">As emo\u00e7\u00f5es e medo p\u00f3s-pandemia, o temor do incontrol\u00e1vel, a falta de trabalho rotineiro, o distanciamento afetivo e social, as perdas evidenciam efeitos negativos como: altera\u00e7\u00f5es do sono, do apetite, aumento ou redu\u00e7\u00e3o do peso, tristeza, irritabilidade, chegando a quadros leves, moderados ou graves de depress\u00e3o ansiosa. (Continua na pr\u00f3xima ter\u00e7a-feira) Elimar Jacob Salzer Rodrigues m\u00e9dica-psiquiatra.<\/p>\n<div id=\"attachment_183274\" style=\"width: 690px\" class=\"wp-caption aligncenter\"><img loading=\"lazy\" decoding=\"async\" aria-describedby=\"caption-attachment-183274\" class=\"wp-image-183274\" src=\"https:\/\/diarioregionaldigital.com.br\/wp-content\/uploads\/2021\/05\/fotoa-15-e1622504752320.jpg\" alt=\"\" width=\"680\" height=\"475\" srcset=\"https:\/\/diarioregionaldigital.com.br\/wp-content\/uploads\/2021\/05\/fotoa-15-e1622504752320.jpg 395w, https:\/\/diarioregionaldigital.com.br\/wp-content\/uploads\/2021\/05\/fotoa-15-e1622504752320-300x210.jpg 300w, https:\/\/diarioregionaldigital.com.br\/wp-content\/uploads\/2021\/05\/fotoa-15-e1622504752320-360x252.jpg 360w, https:\/\/diarioregionaldigital.com.br\/wp-content\/uploads\/2021\/05\/fotoa-15-e1622504752320-100x70.jpg 100w\" sizes=\"auto, (max-width: 680px) 100vw, 680px\" \/><p id=\"caption-attachment-183274\" class=\"wp-caption-text\">Um close especial na bela jornalista Let\u00edcia Duarte<\/p><\/div>\n<div id=\"attachment_183276\" style=\"width: 690px\" class=\"wp-caption aligncenter\"><img loading=\"lazy\" decoding=\"async\" aria-describedby=\"caption-attachment-183276\" class=\"wp-image-183276\" src=\"https:\/\/diarioregionaldigital.com.br\/wp-content\/uploads\/2021\/05\/fotob-2-e1622505446289.jpeg\" alt=\"\" width=\"680\" height=\"478\" srcset=\"https:\/\/diarioregionaldigital.com.br\/wp-content\/uploads\/2021\/05\/fotob-2-e1622505446289.jpeg 953w, https:\/\/diarioregionaldigital.com.br\/wp-content\/uploads\/2021\/05\/fotob-2-e1622505446289-300x210.jpeg 300w, https:\/\/diarioregionaldigital.com.br\/wp-content\/uploads\/2021\/05\/fotob-2-e1622505446289-768x540.jpeg 768w, https:\/\/diarioregionaldigital.com.br\/wp-content\/uploads\/2021\/05\/fotob-2-e1622505446289-360x253.jpeg 360w, https:\/\/diarioregionaldigital.com.br\/wp-content\/uploads\/2021\/05\/fotob-2-e1622505446289-100x70.jpeg 100w\" sizes=\"auto, (max-width: 680px) 100vw, 680px\" \/><p id=\"caption-attachment-183276\" class=\"wp-caption-text\">Em destaque hoje nesta coluna, o PM Leonardo Faza<\/p><\/div>\n<div id=\"attachment_183277\" style=\"width: 690px\" class=\"wp-caption aligncenter\"><img loading=\"lazy\" decoding=\"async\" aria-describedby=\"caption-attachment-183277\" class=\"wp-image-183277\" src=\"https:\/\/diarioregionaldigital.com.br\/wp-content\/uploads\/2021\/05\/fotoc-18-e1622505477345.jpg\" alt=\"\" width=\"680\" height=\"530\" srcset=\"https:\/\/diarioregionaldigital.com.br\/wp-content\/uploads\/2021\/05\/fotoc-18-e1622505477345.jpg 1056w, https:\/\/diarioregionaldigital.com.br\/wp-content\/uploads\/2021\/05\/fotoc-18-e1622505477345-300x234.jpg 300w, https:\/\/diarioregionaldigital.com.br\/wp-content\/uploads\/2021\/05\/fotoc-18-e1622505477345-1024x798.jpg 1024w, https:\/\/diarioregionaldigital.com.br\/wp-content\/uploads\/2021\/05\/fotoc-18-e1622505477345-768x599.jpg 768w, https:\/\/diarioregionaldigital.com.br\/wp-content\/uploads\/2021\/05\/fotoc-18-e1622505477345-360x281.jpg 360w\" sizes=\"auto, (max-width: 680px) 100vw, 680px\" \/><p id=\"caption-attachment-183277\" class=\"wp-caption-text\">Em destaque Mirian Nader, a amante dos animais<\/p><\/div>\n<div id=\"attachment_183278\" style=\"width: 690px\" class=\"wp-caption aligncenter\"><img loading=\"lazy\" decoding=\"async\" aria-describedby=\"caption-attachment-183278\" class=\"wp-image-183278\" src=\"https:\/\/diarioregionaldigital.com.br\/wp-content\/uploads\/2021\/05\/fotod-1-e1622505742597.jpeg\" alt=\"\" width=\"680\" height=\"486\" srcset=\"https:\/\/diarioregionaldigital.com.br\/wp-content\/uploads\/2021\/05\/fotod-1-e1622505742597.jpeg 1248w, https:\/\/diarioregionaldigital.com.br\/wp-content\/uploads\/2021\/05\/fotod-1-e1622505742597-300x214.jpeg 300w, https:\/\/diarioregionaldigital.com.br\/wp-content\/uploads\/2021\/05\/fotod-1-e1622505742597-1024x732.jpeg 1024w, https:\/\/diarioregionaldigital.com.br\/wp-content\/uploads\/2021\/05\/fotod-1-e1622505742597-768x549.jpeg 768w, https:\/\/diarioregionaldigital.com.br\/wp-content\/uploads\/2021\/05\/fotod-1-e1622505742597-360x257.jpeg 360w, https:\/\/diarioregionaldigital.com.br\/wp-content\/uploads\/2021\/05\/fotod-1-e1622505742597-100x70.jpeg 100w\" sizes=\"auto, (max-width: 680px) 100vw, 680px\" \/><p id=\"caption-attachment-183278\" class=\"wp-caption-text\">Direto de Caraguatatuba (SP) para esta coluna, as charmosas Myrliane Le\u00e3o e sua m\u00e3e Anneth Fajardo<\/p><\/div>\n<div id=\"attachment_183279\" style=\"width: 690px\" class=\"wp-caption aligncenter\"><img loading=\"lazy\" decoding=\"async\" aria-describedby=\"caption-attachment-183279\" class=\"wp-image-183279\" src=\"https:\/\/diarioregionaldigital.com.br\/wp-content\/uploads\/2021\/05\/fotof-18-e1622505773903.jpg\" alt=\"\" width=\"680\" height=\"492\" srcset=\"https:\/\/diarioregionaldigital.com.br\/wp-content\/uploads\/2021\/05\/fotof-18-e1622505773903.jpg 1039w, https:\/\/diarioregionaldigital.com.br\/wp-content\/uploads\/2021\/05\/fotof-18-e1622505773903-300x217.jpg 300w, https:\/\/diarioregionaldigital.com.br\/wp-content\/uploads\/2021\/05\/fotof-18-e1622505773903-1024x740.jpg 1024w, https:\/\/diarioregionaldigital.com.br\/wp-content\/uploads\/2021\/05\/fotof-18-e1622505773903-768x555.jpg 768w, https:\/\/diarioregionaldigital.com.br\/wp-content\/uploads\/2021\/05\/fotof-18-e1622505773903-360x260.jpg 360w\" sizes=\"auto, (max-width: 680px) 100vw, 680px\" \/><p id=\"caption-attachment-183279\" class=\"wp-caption-text\">Em sintonia, Matheus Marsicano Mendes com sua m\u00e3e Elisa Marsicano e a av\u00f3 Neuza Marsicano<\/p><\/div>\n<div id=\"attachment_183280\" style=\"width: 690px\" class=\"wp-caption aligncenter\"><img loading=\"lazy\" decoding=\"async\" aria-describedby=\"caption-attachment-183280\" class=\"wp-image-183280\" src=\"https:\/\/diarioregionaldigital.com.br\/wp-content\/uploads\/2021\/05\/fotog-16-e1622505795618.jpg\" alt=\"\" width=\"680\" height=\"455\" srcset=\"https:\/\/diarioregionaldigital.com.br\/wp-content\/uploads\/2021\/05\/fotog-16-e1622505795618.jpg 928w, https:\/\/diarioregionaldigital.com.br\/wp-content\/uploads\/2021\/05\/fotog-16-e1622505795618-300x201.jpg 300w, https:\/\/diarioregionaldigital.com.br\/wp-content\/uploads\/2021\/05\/fotog-16-e1622505795618-768x514.jpg 768w, https:\/\/diarioregionaldigital.com.br\/wp-content\/uploads\/2021\/05\/fotog-16-e1622505795618-360x241.jpg 360w\" sizes=\"auto, (max-width: 680px) 100vw, 680px\" \/><p id=\"caption-attachment-183280\" class=\"wp-caption-text\">O abre-alas do Rotary com Leandra Guerra, Ros\u00e2ngela Marques e Margarita R\u00edgoli<\/p><\/div>\n<div id=\"attachment_183275\" style=\"width: 690px\" class=\"wp-caption aligncenter\"><img loading=\"lazy\" decoding=\"async\" aria-describedby=\"caption-attachment-183275\" class=\"wp-image-183275\" src=\"https:\/\/diarioregionaldigital.com.br\/wp-content\/uploads\/2021\/05\/fotoaa-5.jpg\" alt=\"\" width=\"680\" height=\"505\" srcset=\"https:\/\/diarioregionaldigital.com.br\/wp-content\/uploads\/2021\/05\/fotoaa-5.jpg 902w, https:\/\/diarioregionaldigital.com.br\/wp-content\/uploads\/2021\/05\/fotoaa-5-300x223.jpg 300w, https:\/\/diarioregionaldigital.com.br\/wp-content\/uploads\/2021\/05\/fotoaa-5-768x570.jpg 768w, https:\/\/diarioregionaldigital.com.br\/wp-content\/uploads\/2021\/05\/fotoaa-5-360x267.jpg 360w\" sizes=\"auto, (max-width: 680px) 100vw, 680px\" \/><p id=\"caption-attachment-183275\" class=\"wp-caption-text\">No interior de Minas o casamento de Natacha Vasconcelos Furtado e Airton Barbosa Paix\u00e3o ladeado de Thiago Paix\u00e3o, Denise Barbosa Paix\u00e3o e Gilmar Coelho Paix\u00e3o<\/p><\/div>\n<p style=\"text-align: center;\"><strong>FOTOSS\u00cdNTESE<\/strong><\/p>\n<p>Coordenador de pr\u00e9vias nacionais, o juiz forano Marcus Pestana participou de um jantar no Pal\u00e1cio dos Bandeirantes (SP), a convite do governador Jo\u00e3o Doria. O motivo \u00e9 uma reuni\u00e3o para conversar sobre o dif\u00edcil momento do pa\u00eds e apresentar projeto alternativos.<\/p>\n<p>Muito aplicada, a ex-aluna do Vianna J\u00fanior, Mariana Quirino Itaboray foi aprovada no mestrado em Direito e inova\u00e7\u00e3o da UFJF.<\/p>\n<p>A dona do Magazine Luiza a elegante empres\u00e1ria Luiza Helena Trajano vai lan\u00e7ar a biografia dela com assinatura de Pedro Bial. Ela \u00e9 idealizadora do grupo politico apartid\u00e1rio mulheres do Brasil.<\/p>\n<p>Com muitos aplausos, composi\u00e7\u00f5es de Luiz Castel\u00f5es encerraram o concerto internacional, na Isl\u00e2ndia.<\/p>\n<p>O din\u00e2mico Marcio Martin assume a vice presid\u00eancia comercial da green4t para Am\u00e9rica Latina.<\/p>\n<p>Est\u00e1 em cena a exposi\u00e7\u00e3o \u201cRessurg\u00eancia\u201d encravada no Museu de Arte Contempor\u00e2nea de Niter\u00f3i (RJ).<\/p>\n<p>O Comit\u00ea Ol\u00edmpico Internacional (COI) acredita que 75% das pessoas que ficar\u00e3o na Vila Olimpica dos Jogos de T\u00f3quio 2021, estar\u00e3o vacinadas antes dos jogos.<\/p>\n<p>Reforma Intima: A ilus\u00e3o da imortalidade \u00e9 uma cacha\u00e7a, faz a gente se desvirtuar por caminhos que n\u00e3o s\u00e3o os nosso, crentes de que o tempo \u00e9 infinito \u00e9 que podemos desperdi\u00e7a-lo. Bom dia.<\/p>\n<p><img loading=\"lazy\" decoding=\"async\" class=\"aligncenter size-full wp-image-183287\" src=\"https:\/\/diarioregionaldigital.com.br\/wp-content\/uploads\/2021\/05\/anuncio12-scaled.jpg\" alt=\"\" width=\"2560\" height=\"965\" srcset=\"https:\/\/diarioregionaldigital.com.br\/wp-content\/uploads\/2021\/05\/anuncio12-scaled.jpg 2560w, https:\/\/diarioregionaldigital.com.br\/wp-content\/uploads\/2021\/05\/anuncio12-300x113.jpg 300w, https:\/\/diarioregionaldigital.com.br\/wp-content\/uploads\/2021\/05\/anuncio12-1024x386.jpg 1024w, https:\/\/diarioregionaldigital.com.br\/wp-content\/uploads\/2021\/05\/anuncio12-768x289.jpg 768w, https:\/\/diarioregionaldigital.com.br\/wp-content\/uploads\/2021\/05\/anuncio12-1536x579.jpg 1536w, https:\/\/diarioregionaldigital.com.br\/wp-content\/uploads\/2021\/05\/anuncio12-2048x772.jpg 2048w, https:\/\/diarioregionaldigital.com.br\/wp-content\/uploads\/2021\/05\/anuncio12-360x136.jpg 360w\" sizes=\"auto, (max-width: 2560px) 100vw, 2560px\" \/><\/p>\n","protected":false},"excerpt":{"rendered":"<p>Ele Merece A C\u00e2mara Municipal de Juiz de Fora aprovou o t\u00edtulo de cidad\u00e3o Honor\u00e1rio para o governador Romeu Zema. Natural de Arax\u00e1 no Tri\u00e2ngulo Mineiro, ele dirige o estado desde 1\u00ba de janeiro de 2019. Na Praia Ber\u00e7o de artistas e personalidades, o restaurante e bar La Fiorentina, no Leme (Rio), ganhou de prefeitura [&hellip;]<\/p>\n","protected":false},"author":253,"featured_media":183274,"comment_status":"closed","ping_status":"closed","sticky":false,"template":"","format":"standard","meta":{"footnotes":""},"categories":[264],"tags":[],"class_list":["post-183292","post","type-post","status-publish","format-standard","has-post-thumbnail","hentry","category-eduardo-gomes"],"_links":{"self":[{"href":"https:\/\/diarioregionaldigital.com.br\/index.php?rest_route=\/wp\/v2\/posts\/183292","targetHints":{"allow":["GET"]}}],"collection":[{"href":"https:\/\/diarioregionaldigital.com.br\/index.php?rest_route=\/wp\/v2\/posts"}],"about":[{"href":"https:\/\/diarioregionaldigital.com.br\/index.php?rest_route=\/wp\/v2\/types\/post"}],"author":[{"embeddable":true,"href":"https:\/\/diarioregionaldigital.com.br\/index.php?rest_route=\/wp\/v2\/users\/253"}],"replies":[{"embeddable":true,"href":"https:\/\/diarioregionaldigital.com.br\/index.php?rest_route=%2Fwp%2Fv2%2Fcomments&post=183292"}],"version-history":[{"count":1,"href":"https:\/\/diarioregionaldigital.com.br\/index.php?rest_route=\/wp\/v2\/posts\/183292\/revisions"}],"predecessor-version":[{"id":183293,"href":"https:\/\/diarioregionaldigital.com.br\/index.php?rest_route=\/wp\/v2\/posts\/183292\/revisions\/183293"}],"wp:featuredmedia":[{"embeddable":true,"href":"https:\/\/diarioregionaldigital.com.br\/index.php?rest_route=\/wp\/v2\/media\/183274"}],"wp:attachment":[{"href":"https:\/\/diarioregionaldigital.com.br\/index.php?rest_route=%2Fwp%2Fv2%2Fmedia&parent=183292"}],"wp:term":[{"taxonomy":"category","embeddable":true,"href":"https:\/\/diarioregionaldigital.com.br\/index.php?rest_route=%2Fwp%2Fv2%2Fcategories&post=183292"},{"taxonomy":"post_tag","embeddable":true,"href":"https:\/\/diarioregionaldigital.com.br\/index.php?rest_route=%2Fwp%2Fv2%2Ftags&post=183292"}],"curies":[{"name":"wp","href":"https:\/\/api.w.org\/{rel}","templated":true}]}}