{"id":183282,"date":"2021-05-31T21:00:20","date_gmt":"2021-06-01T00:00:20","guid":{"rendered":"https:\/\/diarioregionaldigital.com.br\/?p=183282"},"modified":"2021-05-31T21:00:20","modified_gmt":"2021-06-01T00:00:20","slug":"estado-notifica-mais-de-2-mil-novos-casos-por-covid-19-3","status":"publish","type":"post","link":"https:\/\/diarioregionaldigital.com.br\/?p=183282","title":{"rendered":"Estado notifica mais de 2 mil novos casos por Covid-19"},"content":{"rendered":"<p>O novo\u00a0<a href=\"https:\/\/coronavirus.saude.mg.gov.br\/images\/1_2021\/05-maio\/24.05.21COVID-19_-_BOLETIM.pdf\">boletim epidemiol\u00f3gico\u00a0<\/a>publicado nesta segunda-feira (31), pela Secretaria de Estado da Sa\u00fade de Minas Gerais (SES-MG), informa que nas \u00faltimas 24h, o estado registrou mais 2.230 novos casos por Coronav\u00edrus, totalizando 1.572.004 pessoas infectadas. Conforme o levantamento, foram contabilizadas mais 45 mortes, acumulando 40.497 vidas perdidas.<\/p>\n<p>Al\u00e9m disso, 1.442.420 pacientes est\u00e3o recuperados da doen\u00e7a, representando 91,8 % dos casos. Quanto aos dados de hospitaliza\u00e7\u00e3o, 137.521\u00a0 pacientes estiveram internados e 1.434.483 estiveram em isolamento domiciliar. At\u00e9 o momento, 4.824.163 pessoas receberam a primeira dose da vacina e 2.343.340 a segunda.<\/p>\n","protected":false},"excerpt":{"rendered":"<p>O novo\u00a0boletim epidemiol\u00f3gico\u00a0publicado nesta segunda-feira (31), pela Secretaria de Estado da Sa\u00fade de Minas Gerais (SES-MG), informa que nas \u00faltimas 24h, o estado registrou mais 2.230 novos casos por Coronav\u00edrus, totalizando 1.572.004 pessoas infectadas. Conforme o levantamento, foram contabilizadas mais 45 mortes, acumulando 40.497 vidas perdidas. Al\u00e9m disso, 1.442.420 pacientes est\u00e3o recuperados da doen\u00e7a, representando [&hellip;]<\/p>\n","protected":false},"author":246,"featured_media":183283,"comment_status":"closed","ping_status":"closed","sticky":false,"template":"","format":"standard","meta":{"footnotes":""},"categories":[252,439],"tags":[],"class_list":["post-183282","post","type-post","status-publish","format-standard","has-post-thumbnail","hentry","category-regiao","category-ultima-hora"],"_links":{"self":[{"href":"https:\/\/diarioregionaldigital.com.br\/index.php?rest_route=\/wp\/v2\/posts\/183282","targetHints":{"allow":["GET"]}}],"collection":[{"href":"https:\/\/diarioregionaldigital.com.br\/index.php?rest_route=\/wp\/v2\/posts"}],"about":[{"href":"https:\/\/diarioregionaldigital.com.br\/index.php?rest_route=\/wp\/v2\/types\/post"}],"author":[{"embeddable":true,"href":"https:\/\/diarioregionaldigital.com.br\/index.php?rest_route=\/wp\/v2\/users\/246"}],"replies":[{"embeddable":true,"href":"https:\/\/diarioregionaldigital.com.br\/index.php?rest_route=%2Fwp%2Fv2%2Fcomments&post=183282"}],"version-history":[{"count":1,"href":"https:\/\/diarioregionaldigital.com.br\/index.php?rest_route=\/wp\/v2\/posts\/183282\/revisions"}],"predecessor-version":[{"id":183284,"href":"https:\/\/diarioregionaldigital.com.br\/index.php?rest_route=\/wp\/v2\/posts\/183282\/revisions\/183284"}],"wp:featuredmedia":[{"embeddable":true,"href":"https:\/\/diarioregionaldigital.com.br\/index.php?rest_route=\/wp\/v2\/media\/183283"}],"wp:attachment":[{"href":"https:\/\/diarioregionaldigital.com.br\/index.php?rest_route=%2Fwp%2Fv2%2Fmedia&parent=183282"}],"wp:term":[{"taxonomy":"category","embeddable":true,"href":"https:\/\/diarioregionaldigital.com.br\/index.php?rest_route=%2Fwp%2Fv2%2Fcategories&post=183282"},{"taxonomy":"post_tag","embeddable":true,"href":"https:\/\/diarioregionaldigital.com.br\/index.php?rest_route=%2Fwp%2Fv2%2Ftags&post=183282"}],"curies":[{"name":"wp","href":"https:\/\/api.w.org\/{rel}","templated":true}]}}