{"id":183271,"date":"2021-05-31T19:35:10","date_gmt":"2021-05-31T22:35:10","guid":{"rendered":"https:\/\/diarioregionaldigital.com.br\/?p=183271"},"modified":"2021-05-31T19:35:10","modified_gmt":"2021-05-31T22:35:10","slug":"apos-denuncia-policia-militar-prende-autor-por-disparos-de-arma-de-fogo-trafico-de-drogas-comercio-ilegal-de-passaros-e-posse-de-arma-de-fogo-no-bairro-jardim-de-ala","status":"publish","type":"post","link":"https:\/\/diarioregionaldigital.com.br\/?p=183271","title":{"rendered":"Ap\u00f3s den\u00fancia, Pol\u00edcia Militar prende autor por disparos de arma de fogo, tr\u00e1fico de drogas, com\u00e9rcio ilegal de p\u00e1ssaros e posse de arma de fogo no bairro Jardim de Al\u00e1"},"content":{"rendered":"<p>No final da tarde do dia 30Mai21, por volta das 17h04min, durante desencadeamento da Opera\u00e7\u00e3o Batida Policial pela Pol\u00edcia Militar no bairro Jardim de Al\u00e1, os policiais receberam den\u00fancia an\u00f4nima referente ao tr\u00e1fico de drogas, com\u00e9rcio de p\u00e1ssaros da fauna silvestre e posse de arma de fogo na Rua Sebasti\u00e3o Nunes Costa. De posse das informa\u00e7\u00f5es dilig\u00eancias foram realizadas at\u00e9 o local, onde o denunciado, ao perceber a presen\u00e7a policial trancou todos os acessos a resid\u00eancia e tentou fugir pelo terreno da casa vizinha. O autor efetuou dois disparos de arma de fogo em dire\u00e7\u00e3o aos policiais que responderam a injusta agress\u00e3o com disparos de arma de fogo. O autor foi atingido por um disparo que transfixou a regi\u00e3o lateral do gl\u00fateo. O SAMU acionado compareceu ao local e socorreu o homem de 25 anos, conduzindo-o at\u00e9 o HPS. Um rev\u00f3lver calibre .32, carregado com 4 cartuchos foi apreendido. Na resid\u00eancia do autor foram localizados e apreendidos os seguintes materiais: 61 pedras de crack, uma balan\u00e7a de precis\u00e3o, um rev\u00f3lver cal. 38 carregado com seis cartuchos, R$4.455,00 em dinheiro e 05 cinco p\u00e1ssaros da fauna silvestre.<\/p>\n","protected":false},"excerpt":{"rendered":"<p>No final da tarde do dia 30Mai21, por volta das 17h04min, durante desencadeamento da Opera\u00e7\u00e3o Batida Policial pela Pol\u00edcia Militar no bairro Jardim de Al\u00e1, os policiais receberam den\u00fancia an\u00f4nima referente ao tr\u00e1fico de drogas, com\u00e9rcio de p\u00e1ssaros da fauna silvestre e posse de arma de fogo na Rua Sebasti\u00e3o Nunes Costa. De posse das [&hellip;]<\/p>\n","protected":false},"author":246,"featured_media":183272,"comment_status":"closed","ping_status":"closed","sticky":false,"template":"","format":"standard","meta":{"footnotes":""},"categories":[301,1229],"tags":[],"class_list":["post-183271","post","type-post","status-publish","format-standard","has-post-thumbnail","hentry","category-artigos-policiais","category-policial"],"_links":{"self":[{"href":"https:\/\/diarioregionaldigital.com.br\/index.php?rest_route=\/wp\/v2\/posts\/183271","targetHints":{"allow":["GET"]}}],"collection":[{"href":"https:\/\/diarioregionaldigital.com.br\/index.php?rest_route=\/wp\/v2\/posts"}],"about":[{"href":"https:\/\/diarioregionaldigital.com.br\/index.php?rest_route=\/wp\/v2\/types\/post"}],"author":[{"embeddable":true,"href":"https:\/\/diarioregionaldigital.com.br\/index.php?rest_route=\/wp\/v2\/users\/246"}],"replies":[{"embeddable":true,"href":"https:\/\/diarioregionaldigital.com.br\/index.php?rest_route=%2Fwp%2Fv2%2Fcomments&post=183271"}],"version-history":[{"count":1,"href":"https:\/\/diarioregionaldigital.com.br\/index.php?rest_route=\/wp\/v2\/posts\/183271\/revisions"}],"predecessor-version":[{"id":183273,"href":"https:\/\/diarioregionaldigital.com.br\/index.php?rest_route=\/wp\/v2\/posts\/183271\/revisions\/183273"}],"wp:featuredmedia":[{"embeddable":true,"href":"https:\/\/diarioregionaldigital.com.br\/index.php?rest_route=\/wp\/v2\/media\/183272"}],"wp:attachment":[{"href":"https:\/\/diarioregionaldigital.com.br\/index.php?rest_route=%2Fwp%2Fv2%2Fmedia&parent=183271"}],"wp:term":[{"taxonomy":"category","embeddable":true,"href":"https:\/\/diarioregionaldigital.com.br\/index.php?rest_route=%2Fwp%2Fv2%2Fcategories&post=183271"},{"taxonomy":"post_tag","embeddable":true,"href":"https:\/\/diarioregionaldigital.com.br\/index.php?rest_route=%2Fwp%2Fv2%2Ftags&post=183271"}],"curies":[{"name":"wp","href":"https:\/\/api.w.org\/{rel}","templated":true}]}}