{"id":183268,"date":"2021-05-31T19:30:42","date_gmt":"2021-05-31T22:30:42","guid":{"rendered":"https:\/\/diarioregionaldigital.com.br\/?p=183268"},"modified":"2021-05-31T19:30:42","modified_gmt":"2021-05-31T22:30:42","slug":"policia-militar-atende-vitima-de-homicidio-tentado-no-bairro-granjas-bethania","status":"publish","type":"post","link":"https:\/\/diarioregionaldigital.com.br\/?p=183268","title":{"rendered":"Pol\u00edcia Militar atende v\u00edtima de homic\u00eddio tentado no bairro Granjas Beth\u00e2nia"},"content":{"rendered":"<p>Em 30Mai21, por volta das 03h07min, a Pol\u00edcia Militar foi acionada a comparecer no HPS para atendimento a um homem de 26 anos, v\u00edtima de disparos de arma de fogo ocorrido na Rua Nove de Julho, bairro Granjas Beth\u00e2nia. Segundo relato da testemunha, a v\u00edtima estava ca\u00edda ao solo gritando por socorro, momento em que acionou o SAMU. Momentos antes do fato a v\u00edtima teria sido visualizada discutindo com um indiv\u00edduo conhecido morador do bairro Monte Castelo. Por ter sido atingida na face, permanece internada no hospital. De posse das caracter\u00edsticas, a Pol\u00edcia Militar iniciou rastreamento, mas o suspeito n\u00e3o foi at\u00e9 o momento localizado.<\/p>\n","protected":false},"excerpt":{"rendered":"<p>Em 30Mai21, por volta das 03h07min, a Pol\u00edcia Militar foi acionada a comparecer no HPS para atendimento a um homem de 26 anos, v\u00edtima de disparos de arma de fogo ocorrido na Rua Nove de Julho, bairro Granjas Beth\u00e2nia. Segundo relato da testemunha, a v\u00edtima estava ca\u00edda ao solo gritando por socorro, momento em que [&hellip;]<\/p>\n","protected":false},"author":246,"featured_media":183269,"comment_status":"closed","ping_status":"closed","sticky":false,"template":"","format":"standard","meta":{"footnotes":""},"categories":[301,1229],"tags":[],"class_list":["post-183268","post","type-post","status-publish","format-standard","has-post-thumbnail","hentry","category-artigos-policiais","category-policial"],"_links":{"self":[{"href":"https:\/\/diarioregionaldigital.com.br\/index.php?rest_route=\/wp\/v2\/posts\/183268","targetHints":{"allow":["GET"]}}],"collection":[{"href":"https:\/\/diarioregionaldigital.com.br\/index.php?rest_route=\/wp\/v2\/posts"}],"about":[{"href":"https:\/\/diarioregionaldigital.com.br\/index.php?rest_route=\/wp\/v2\/types\/post"}],"author":[{"embeddable":true,"href":"https:\/\/diarioregionaldigital.com.br\/index.php?rest_route=\/wp\/v2\/users\/246"}],"replies":[{"embeddable":true,"href":"https:\/\/diarioregionaldigital.com.br\/index.php?rest_route=%2Fwp%2Fv2%2Fcomments&post=183268"}],"version-history":[{"count":1,"href":"https:\/\/diarioregionaldigital.com.br\/index.php?rest_route=\/wp\/v2\/posts\/183268\/revisions"}],"predecessor-version":[{"id":183270,"href":"https:\/\/diarioregionaldigital.com.br\/index.php?rest_route=\/wp\/v2\/posts\/183268\/revisions\/183270"}],"wp:featuredmedia":[{"embeddable":true,"href":"https:\/\/diarioregionaldigital.com.br\/index.php?rest_route=\/wp\/v2\/media\/183269"}],"wp:attachment":[{"href":"https:\/\/diarioregionaldigital.com.br\/index.php?rest_route=%2Fwp%2Fv2%2Fmedia&parent=183268"}],"wp:term":[{"taxonomy":"category","embeddable":true,"href":"https:\/\/diarioregionaldigital.com.br\/index.php?rest_route=%2Fwp%2Fv2%2Fcategories&post=183268"},{"taxonomy":"post_tag","embeddable":true,"href":"https:\/\/diarioregionaldigital.com.br\/index.php?rest_route=%2Fwp%2Fv2%2Ftags&post=183268"}],"curies":[{"name":"wp","href":"https:\/\/api.w.org\/{rel}","templated":true}]}}