{"id":183265,"date":"2021-05-31T18:10:35","date_gmt":"2021-05-31T21:10:35","guid":{"rendered":"https:\/\/diarioregionaldigital.com.br\/?p=183265"},"modified":"2021-05-31T18:10:35","modified_gmt":"2021-05-31T21:10:35","slug":"comecou-nesta-segunda-31-o-cadastro-para-anistia-e-desconto-do-iptu-de-2022","status":"publish","type":"post","link":"https:\/\/diarioregionaldigital.com.br\/?p=183265","title":{"rendered":"Come\u00e7ou nesta segunda, 31, o cadastro para anistia e desconto do IPTU de 2022"},"content":{"rendered":"<p>O cadastramento para quem deseja solicitar anistia dos seus d\u00e9bitos de natureza tribut\u00e1ria ou n\u00e3o, inscritos em d\u00edvida ativa com a Fazenda P\u00fablica Municipal (SF) e descontos ao longo de 2022 come\u00e7ou nesta segunda-feira, 31.<\/p>\n<p>Segundo informa\u00e7\u00f5es do site da Prefeitura de Juiz de Fora, para solicitar a isen\u00e7\u00e3o e tamb\u00e9m para fazer jus aos descontos concedidos pelo executivo nos valores devidos em 2022, como o IPTU \u00e0 vista, cada indiv\u00edduo dever\u00e1 acessar <a href=\"https:\/\/juizdefora.spa.coreplan.com.br\/portal\"><b>este link<\/b><\/a>, preencher com seus dados pessoais e imprimir, se for o caso, o Documento de Arrecada\u00e7\u00e3o Municipal (DAM). O prazo para emitir o DAM \u00e9 de at\u00e9 3 dias \u00fateis ap\u00f3s o cadastro, que ficar\u00e1 aberto at\u00e9 30 de setembro.<\/p>\n<p>A anistia marca a comemora\u00e7\u00e3o do anivers\u00e1rio de 171 anos de Juiz de Fora neste ano e quem se cadastrar, poder\u00e1 solicitar desconto de 40% para o parcelamento em at\u00e9 12 vezes e 50% para o pagamento \u00e0 vista, incluindo d\u00e9bitos protestados e ajuizados. <a href=\"https:\/\/www.pjf.mg.gov.br\/noticias\/view.php?modo=link2&amp;idnoticia2=71026\"><b>Saiba mais.<\/b><\/a><\/p>\n","protected":false},"excerpt":{"rendered":"<p>O cadastramento para quem deseja solicitar anistia dos seus d\u00e9bitos de natureza tribut\u00e1ria ou n\u00e3o, inscritos em d\u00edvida ativa com a Fazenda P\u00fablica Municipal (SF) e descontos ao longo de 2022 come\u00e7ou nesta segunda-feira, 31. Segundo informa\u00e7\u00f5es do site da Prefeitura de Juiz de Fora, para solicitar a isen\u00e7\u00e3o e tamb\u00e9m para fazer jus aos [&hellip;]<\/p>\n","protected":false},"author":246,"featured_media":183266,"comment_status":"closed","ping_status":"closed","sticky":false,"template":"","format":"standard","meta":{"footnotes":""},"categories":[253,436,439],"tags":[],"class_list":["post-183265","post","type-post","status-publish","format-standard","has-post-thumbnail","hentry","category-cidade","category-destaque-da-semana","category-ultima-hora"],"_links":{"self":[{"href":"https:\/\/diarioregionaldigital.com.br\/index.php?rest_route=\/wp\/v2\/posts\/183265","targetHints":{"allow":["GET"]}}],"collection":[{"href":"https:\/\/diarioregionaldigital.com.br\/index.php?rest_route=\/wp\/v2\/posts"}],"about":[{"href":"https:\/\/diarioregionaldigital.com.br\/index.php?rest_route=\/wp\/v2\/types\/post"}],"author":[{"embeddable":true,"href":"https:\/\/diarioregionaldigital.com.br\/index.php?rest_route=\/wp\/v2\/users\/246"}],"replies":[{"embeddable":true,"href":"https:\/\/diarioregionaldigital.com.br\/index.php?rest_route=%2Fwp%2Fv2%2Fcomments&post=183265"}],"version-history":[{"count":1,"href":"https:\/\/diarioregionaldigital.com.br\/index.php?rest_route=\/wp\/v2\/posts\/183265\/revisions"}],"predecessor-version":[{"id":183267,"href":"https:\/\/diarioregionaldigital.com.br\/index.php?rest_route=\/wp\/v2\/posts\/183265\/revisions\/183267"}],"wp:featuredmedia":[{"embeddable":true,"href":"https:\/\/diarioregionaldigital.com.br\/index.php?rest_route=\/wp\/v2\/media\/183266"}],"wp:attachment":[{"href":"https:\/\/diarioregionaldigital.com.br\/index.php?rest_route=%2Fwp%2Fv2%2Fmedia&parent=183265"}],"wp:term":[{"taxonomy":"category","embeddable":true,"href":"https:\/\/diarioregionaldigital.com.br\/index.php?rest_route=%2Fwp%2Fv2%2Fcategories&post=183265"},{"taxonomy":"post_tag","embeddable":true,"href":"https:\/\/diarioregionaldigital.com.br\/index.php?rest_route=%2Fwp%2Fv2%2Ftags&post=183265"}],"curies":[{"name":"wp","href":"https:\/\/api.w.org\/{rel}","templated":true}]}}