{"id":183261,"date":"2021-05-31T18:06:27","date_gmt":"2021-05-31T21:06:27","guid":{"rendered":"https:\/\/diarioregionaldigital.com.br\/?p=183261"},"modified":"2021-05-31T18:06:27","modified_gmt":"2021-05-31T21:06:27","slug":"mascaras-sao-distribuidas-pela-smu-no-aniversario-da-cidade","status":"publish","type":"post","link":"https:\/\/diarioregionaldigital.com.br\/?p=183261","title":{"rendered":"M\u00e1scaras s\u00e3o distribu\u00eddas pela SMU no anivers\u00e1rio da cidade"},"content":{"rendered":"<p>Nesta segunda-feira que Juizde Fora fez 171 anos, foram distribu\u00eddas pelos agentes de transporte e tr\u00e2nsito quase mil m\u00e1scaras de prote\u00e7\u00e3o ao coronav\u00edrus\u00a0 durante campanha realizada pela Secretaria de Mobilidade Urbana (SMU), no cruzamento da Avenida Rio Branco com a Rua Halfeld, no Centro. A a\u00e7\u00e3o de educa\u00e7\u00e3o para o tr\u00e2nsito, promovida para celebrar o anivers\u00e1rio de Juiz de Fora e o encerramento do Movimento Maio Amarelo, foi voltada para alertar os motoristas a respeitarem a faixa de pedestres e a import\u00e2ncia da preven\u00e7\u00e3o \u00e0 Covid-19.<\/p>\n<p>Segundo informa\u00e7\u00f5es do site da Prefeitura de Juiz de Fora, para aumentar a seguran\u00e7a dos pedestres nas faixas de seguran\u00e7a, a Prefeitura de Juiz de Fora (PJF), por meio da SMU, tamb\u00e9m est\u00e1 mudando o padr\u00e3o da cor das faixas da cidade para vermelha e branca. A nova cor ao fundo j\u00e1 foi adotada na revitaliza\u00e7\u00e3o da sinaliza\u00e7\u00e3o da Avenida Get\u00falio Vargas, no m\u00eas passado, e agora est\u00e1 sendo expandida para outras travessias, com a inten\u00e7\u00e3o de garantir uma maior seguran\u00e7a no tr\u00e2nsito. O modelo j\u00e1 \u00e9 usado em diversos pa\u00edses.<\/p>\n<p><strong>Maio Amarelo<\/strong><\/p>\n<p>A campanha do Movimento Maio Amarelo pretende promover reflex\u00e3o com o tema \u201cRespeito e Responsabilidade: Pratique no tr\u00e2nsito\u201d neste ano. O objetivo \u00e9 colocar em pauta o tema seguran\u00e7a vi\u00e1ria, sensibilizando toda a sociedade para uma nova forma de encarar a mobilidade, com comportamentos seguros para o tr\u00e2nsito. A cor amarela foi escolhida para representar o movimento porque simboliza aten\u00e7\u00e3o e tamb\u00e9m advert\u00eancia no tr\u00e2nsito.<\/p>\n","protected":false},"excerpt":{"rendered":"<p>Nesta segunda-feira que Juizde Fora fez 171 anos, foram distribu\u00eddas pelos agentes de transporte e tr\u00e2nsito quase mil m\u00e1scaras de prote\u00e7\u00e3o ao coronav\u00edrus\u00a0 durante campanha realizada pela Secretaria de Mobilidade Urbana (SMU), no cruzamento da Avenida Rio Branco com a Rua Halfeld, no Centro. A a\u00e7\u00e3o de educa\u00e7\u00e3o para o tr\u00e2nsito, promovida para celebrar o [&hellip;]<\/p>\n","protected":false},"author":246,"featured_media":183262,"comment_status":"closed","ping_status":"closed","sticky":false,"template":"","format":"standard","meta":{"footnotes":""},"categories":[253,436,439],"tags":[],"class_list":["post-183261","post","type-post","status-publish","format-standard","has-post-thumbnail","hentry","category-cidade","category-destaque-da-semana","category-ultima-hora"],"_links":{"self":[{"href":"https:\/\/diarioregionaldigital.com.br\/index.php?rest_route=\/wp\/v2\/posts\/183261","targetHints":{"allow":["GET"]}}],"collection":[{"href":"https:\/\/diarioregionaldigital.com.br\/index.php?rest_route=\/wp\/v2\/posts"}],"about":[{"href":"https:\/\/diarioregionaldigital.com.br\/index.php?rest_route=\/wp\/v2\/types\/post"}],"author":[{"embeddable":true,"href":"https:\/\/diarioregionaldigital.com.br\/index.php?rest_route=\/wp\/v2\/users\/246"}],"replies":[{"embeddable":true,"href":"https:\/\/diarioregionaldigital.com.br\/index.php?rest_route=%2Fwp%2Fv2%2Fcomments&post=183261"}],"version-history":[{"count":2,"href":"https:\/\/diarioregionaldigital.com.br\/index.php?rest_route=\/wp\/v2\/posts\/183261\/revisions"}],"predecessor-version":[{"id":183264,"href":"https:\/\/diarioregionaldigital.com.br\/index.php?rest_route=\/wp\/v2\/posts\/183261\/revisions\/183264"}],"wp:featuredmedia":[{"embeddable":true,"href":"https:\/\/diarioregionaldigital.com.br\/index.php?rest_route=\/wp\/v2\/media\/183262"}],"wp:attachment":[{"href":"https:\/\/diarioregionaldigital.com.br\/index.php?rest_route=%2Fwp%2Fv2%2Fmedia&parent=183261"}],"wp:term":[{"taxonomy":"category","embeddable":true,"href":"https:\/\/diarioregionaldigital.com.br\/index.php?rest_route=%2Fwp%2Fv2%2Fcategories&post=183261"},{"taxonomy":"post_tag","embeddable":true,"href":"https:\/\/diarioregionaldigital.com.br\/index.php?rest_route=%2Fwp%2Fv2%2Ftags&post=183261"}],"curies":[{"name":"wp","href":"https:\/\/api.w.org\/{rel}","templated":true}]}}