{"id":183258,"date":"2021-05-31T18:00:15","date_gmt":"2021-05-31T21:00:15","guid":{"rendered":"https:\/\/diarioregionaldigital.com.br\/?p=183258"},"modified":"2021-05-31T18:00:15","modified_gmt":"2021-05-31T21:00:15","slug":"durante-o-final-de-semana-fiscalizacao-realiza-73-vistorias","status":"publish","type":"post","link":"https:\/\/diarioregionaldigital.com.br\/?p=183258","title":{"rendered":"Durante o final de semana fiscaliza\u00e7\u00e3o realiza 73 vistorias"},"content":{"rendered":"<p>A opera\u00e7\u00e3o \u201cFiscaliza\u00e7\u00e3o pela Vida\u201d realizou 73 vistorias desde o primeiro final de semana de retorno \u00e0 Faixa Vermelha do Programa Municipal de Enfrentamento \u00e0 Covid-19. Entre sexta-feira, 28, e domingo, 30, os fiscais de posturas da Secretaria de Sustentabilidade em Meio Ambiente e Atividades Urbanas (Sesmaur) emitiram seis autos de notifica\u00e7\u00e3o e sete autos de infra\u00e7\u00e3o.<\/p>\n<p>Segundo informa\u00e7\u00f5es do site da Prefeitura de Juiz de Fora, as infra\u00e7\u00f5es emitidas foram resultado de aglomera\u00e7\u00f5es, funcionamento de estabelecimentos fora do hor\u00e1rio permitido, aus\u00eancia de alvar\u00e1 de localiza\u00e7\u00e3o e coloca\u00e7\u00e3o de mesas e cadeiras em vias p\u00fablicas de forma irregular. Os estabelecimentos que descumprirem as normas est\u00e3o sujeitos \u00e0 autua\u00e7\u00e3o e \u00e0 interdi\u00e7\u00e3o, sendo prevista interdi\u00e7\u00e3o de sete dias na primeira recorr\u00eancia; de 15 dias na segunda; e, na terceira vez, a interdi\u00e7\u00e3o ser\u00e1 at\u00e9 o fim do estado de calamidade p\u00fablica.<\/p>\n","protected":false},"excerpt":{"rendered":"<p>A opera\u00e7\u00e3o \u201cFiscaliza\u00e7\u00e3o pela Vida\u201d realizou 73 vistorias desde o primeiro final de semana de retorno \u00e0 Faixa Vermelha do Programa Municipal de Enfrentamento \u00e0 Covid-19. Entre sexta-feira, 28, e domingo, 30, os fiscais de posturas da Secretaria de Sustentabilidade em Meio Ambiente e Atividades Urbanas (Sesmaur) emitiram seis autos de notifica\u00e7\u00e3o e sete autos [&hellip;]<\/p>\n","protected":false},"author":246,"featured_media":183259,"comment_status":"closed","ping_status":"closed","sticky":false,"template":"","format":"standard","meta":{"footnotes":""},"categories":[253,440,439],"tags":[],"class_list":["post-183258","post","type-post","status-publish","format-standard","has-post-thumbnail","hentry","category-cidade","category-destaques-do-dia","category-ultima-hora"],"_links":{"self":[{"href":"https:\/\/diarioregionaldigital.com.br\/index.php?rest_route=\/wp\/v2\/posts\/183258","targetHints":{"allow":["GET"]}}],"collection":[{"href":"https:\/\/diarioregionaldigital.com.br\/index.php?rest_route=\/wp\/v2\/posts"}],"about":[{"href":"https:\/\/diarioregionaldigital.com.br\/index.php?rest_route=\/wp\/v2\/types\/post"}],"author":[{"embeddable":true,"href":"https:\/\/diarioregionaldigital.com.br\/index.php?rest_route=\/wp\/v2\/users\/246"}],"replies":[{"embeddable":true,"href":"https:\/\/diarioregionaldigital.com.br\/index.php?rest_route=%2Fwp%2Fv2%2Fcomments&post=183258"}],"version-history":[{"count":1,"href":"https:\/\/diarioregionaldigital.com.br\/index.php?rest_route=\/wp\/v2\/posts\/183258\/revisions"}],"predecessor-version":[{"id":183260,"href":"https:\/\/diarioregionaldigital.com.br\/index.php?rest_route=\/wp\/v2\/posts\/183258\/revisions\/183260"}],"wp:featuredmedia":[{"embeddable":true,"href":"https:\/\/diarioregionaldigital.com.br\/index.php?rest_route=\/wp\/v2\/media\/183259"}],"wp:attachment":[{"href":"https:\/\/diarioregionaldigital.com.br\/index.php?rest_route=%2Fwp%2Fv2%2Fmedia&parent=183258"}],"wp:term":[{"taxonomy":"category","embeddable":true,"href":"https:\/\/diarioregionaldigital.com.br\/index.php?rest_route=%2Fwp%2Fv2%2Fcategories&post=183258"},{"taxonomy":"post_tag","embeddable":true,"href":"https:\/\/diarioregionaldigital.com.br\/index.php?rest_route=%2Fwp%2Fv2%2Ftags&post=183258"}],"curies":[{"name":"wp","href":"https:\/\/api.w.org\/{rel}","templated":true}]}}