{"id":183255,"date":"2021-05-31T17:55:43","date_gmt":"2021-05-31T20:55:43","guid":{"rendered":"https:\/\/diarioregionaldigital.com.br\/?p=183255"},"modified":"2021-05-31T17:55:43","modified_gmt":"2021-05-31T20:55:43","slug":"em-aniversario-de-juiz-de-fora-prefeitura-intensifica-instalacao-de-iluminacao-em-led","status":"publish","type":"post","link":"https:\/\/diarioregionaldigital.com.br\/?p=183255","title":{"rendered":"Em anivers\u00e1rio de Juiz de Fora, Prefeitura intensifica instala\u00e7\u00e3o de ilumina\u00e7\u00e3o em LED"},"content":{"rendered":"<p>Juiz de Fora, completa neste 31\/05 exatos 171 anos e como parte da celebra\u00e7\u00e3o a Secretaria de Obras esteve trocando as l\u00e2mpadas a vapor de s\u00f3dio pela ilumina\u00e7\u00e3o em LED em diferentes regi\u00f5es da cidade. A inaugura\u00e7\u00e3o acontece na noite desta segunda-feira, 31, na esquina da rua Benjamin Constant com a Avenida Brasil, e contar\u00e1 com a presen\u00e7a da prefeita Margarida Salom\u00e3o e do secret\u00e1rio de Obras, Jos\u00e9 Walter \u00c1vila.<\/p>\n<p>Segundo informa\u00e7\u00f5es do site da Prefeitura de Juiz de Fora, ao todo foram 1.313 instala\u00e7\u00f5es nos cinco primeiros meses da atual administra\u00e7\u00e3o, entre lumin\u00e1rias p\u00fablicas e decorativas, sendo conclu\u00eddas as obras na Avenida Brasil, at\u00e9 o viaduto da BD; Avenida JK, no trecho da Sime\u00e3o de Faria at\u00e9 o Distrito Industrial; Avenida Governador Valadares, entre a Rio Branco e o Posto Policial; Rua S\u00e3o Mateus; Rua Benjamin Constant; Rua Engenheiro Gentil Forn; Rua Jos\u00e9 Louren\u00e7o Kelmer, entre a Ponte Casablanca e a UFJF; e acesso \u00e0 Nova Benfica pela Rua Martins Barbosa.<\/p>\n","protected":false},"excerpt":{"rendered":"<p>Juiz de Fora, completa neste 31\/05 exatos 171 anos e como parte da celebra\u00e7\u00e3o a Secretaria de Obras esteve trocando as l\u00e2mpadas a vapor de s\u00f3dio pela ilumina\u00e7\u00e3o em LED em diferentes regi\u00f5es da cidade. A inaugura\u00e7\u00e3o acontece na noite desta segunda-feira, 31, na esquina da rua Benjamin Constant com a Avenida Brasil, e contar\u00e1 [&hellip;]<\/p>\n","protected":false},"author":246,"featured_media":183256,"comment_status":"closed","ping_status":"closed","sticky":false,"template":"","format":"standard","meta":{"footnotes":""},"categories":[253,440,439],"tags":[],"class_list":["post-183255","post","type-post","status-publish","format-standard","has-post-thumbnail","hentry","category-cidade","category-destaques-do-dia","category-ultima-hora"],"_links":{"self":[{"href":"https:\/\/diarioregionaldigital.com.br\/index.php?rest_route=\/wp\/v2\/posts\/183255","targetHints":{"allow":["GET"]}}],"collection":[{"href":"https:\/\/diarioregionaldigital.com.br\/index.php?rest_route=\/wp\/v2\/posts"}],"about":[{"href":"https:\/\/diarioregionaldigital.com.br\/index.php?rest_route=\/wp\/v2\/types\/post"}],"author":[{"embeddable":true,"href":"https:\/\/diarioregionaldigital.com.br\/index.php?rest_route=\/wp\/v2\/users\/246"}],"replies":[{"embeddable":true,"href":"https:\/\/diarioregionaldigital.com.br\/index.php?rest_route=%2Fwp%2Fv2%2Fcomments&post=183255"}],"version-history":[{"count":1,"href":"https:\/\/diarioregionaldigital.com.br\/index.php?rest_route=\/wp\/v2\/posts\/183255\/revisions"}],"predecessor-version":[{"id":183257,"href":"https:\/\/diarioregionaldigital.com.br\/index.php?rest_route=\/wp\/v2\/posts\/183255\/revisions\/183257"}],"wp:featuredmedia":[{"embeddable":true,"href":"https:\/\/diarioregionaldigital.com.br\/index.php?rest_route=\/wp\/v2\/media\/183256"}],"wp:attachment":[{"href":"https:\/\/diarioregionaldigital.com.br\/index.php?rest_route=%2Fwp%2Fv2%2Fmedia&parent=183255"}],"wp:term":[{"taxonomy":"category","embeddable":true,"href":"https:\/\/diarioregionaldigital.com.br\/index.php?rest_route=%2Fwp%2Fv2%2Fcategories&post=183255"},{"taxonomy":"post_tag","embeddable":true,"href":"https:\/\/diarioregionaldigital.com.br\/index.php?rest_route=%2Fwp%2Fv2%2Ftags&post=183255"}],"curies":[{"name":"wp","href":"https:\/\/api.w.org\/{rel}","templated":true}]}}