{"id":183249,"date":"2021-05-31T17:45:16","date_gmt":"2021-05-31T20:45:16","guid":{"rendered":"https:\/\/diarioregionaldigital.com.br\/?p=183249"},"modified":"2021-05-31T17:45:16","modified_gmt":"2021-05-31T20:45:16","slug":"judo-teste-positivo-para-covid-19-tira-daniel-cargnin-do-mundial","status":"publish","type":"post","link":"https:\/\/diarioregionaldigital.com.br\/?p=183249","title":{"rendered":"Jud\u00f4: teste positivo para covid-19 tira Daniel Cargnin do Mundial"},"content":{"rendered":"<p>Na manh\u00e3 desta segunda-feira (31.05), a Confedera\u00e7\u00e3o Brasileira de Jud\u00f4 (CBJ) confirmou que o judoca ga\u00facho Daniel Cargnin (66kg), da Sogipa, testou positivo para coronav\u00edrus (covid-19) e foi cortado da sele\u00e7\u00e3o brasileira que participar\u00e1 do Mundial da modalidade, a partir do dia 6 de junho, em Budapeste (Hungria).<\/p>\n<p>Segundo a CBJ, o atleta passa bem, mas n\u00e3o participar\u00e1 do torneio. Para o lugar dele, foi convocado o meio-m\u00e9dio Guilherme Schimidt (81kg), do Minas T\u00eanis Clube, que s\u00f3 lutar\u00e1 no dia 9 de junho, o que viabilizou a substitui\u00e7\u00e3o. Schimidt tem 20 anos e \u00e9 o atual campe\u00e3o pan-americano s\u00eanior dos meio-m\u00e9dios. Ele ocupa a 41\u00aa posi\u00e7\u00e3o no ranking mundial na categoria.<\/p>\n<p>Al\u00e9m dele, o Brasil ter\u00e1 tamb\u00e9m Eduardo Yudy Santos no 81kg, que j\u00e1 estava convocado anteriormente, e ocupa a 25\u00aa posi\u00e7\u00e3o no ranking mundial. Cargnin \u00e9 o melhor brasileiro ranqueado no 66kg e, atualmente, est\u00e1 na zona de classifica\u00e7\u00e3o ol\u00edmpica, na 9\u00aa posi\u00e7\u00e3o (com descartes).<\/p>\n<p>O Mundial \u00e9 o \u00faltimo evento antes dos Jogos Ol\u00edmpicos. Os combates v\u00e3o de 6 a 13 de junho, com uma categoria de peso por dia (feminino e masculino) e com as equipes mistas encerrando a competi\u00e7\u00e3o no dia 13. No torneio, o Brasil ser\u00e1 representado por 18 atletas em 13 categorias.<\/p>\n<p>Fonte: Confedera\u00e7\u00e3o Brasileira de Jud\u00f4<\/p>\n","protected":false},"excerpt":{"rendered":"<p>Na manh\u00e3 desta segunda-feira (31.05), a Confedera\u00e7\u00e3o Brasileira de Jud\u00f4 (CBJ) confirmou que o judoca ga\u00facho Daniel Cargnin (66kg), da Sogipa, testou positivo para coronav\u00edrus (covid-19) e foi cortado da sele\u00e7\u00e3o brasileira que participar\u00e1 do Mundial da modalidade, a partir do dia 6 de junho, em Budapeste (Hungria). Segundo a CBJ, o atleta passa bem, [&hellip;]<\/p>\n","protected":false},"author":246,"featured_media":183250,"comment_status":"closed","ping_status":"closed","sticky":false,"template":"","format":"standard","meta":{"footnotes":""},"categories":[436,257,439],"tags":[],"class_list":["post-183249","post","type-post","status-publish","format-standard","has-post-thumbnail","hentry","category-destaque-da-semana","category-esporte","category-ultima-hora"],"_links":{"self":[{"href":"https:\/\/diarioregionaldigital.com.br\/index.php?rest_route=\/wp\/v2\/posts\/183249","targetHints":{"allow":["GET"]}}],"collection":[{"href":"https:\/\/diarioregionaldigital.com.br\/index.php?rest_route=\/wp\/v2\/posts"}],"about":[{"href":"https:\/\/diarioregionaldigital.com.br\/index.php?rest_route=\/wp\/v2\/types\/post"}],"author":[{"embeddable":true,"href":"https:\/\/diarioregionaldigital.com.br\/index.php?rest_route=\/wp\/v2\/users\/246"}],"replies":[{"embeddable":true,"href":"https:\/\/diarioregionaldigital.com.br\/index.php?rest_route=%2Fwp%2Fv2%2Fcomments&post=183249"}],"version-history":[{"count":1,"href":"https:\/\/diarioregionaldigital.com.br\/index.php?rest_route=\/wp\/v2\/posts\/183249\/revisions"}],"predecessor-version":[{"id":183251,"href":"https:\/\/diarioregionaldigital.com.br\/index.php?rest_route=\/wp\/v2\/posts\/183249\/revisions\/183251"}],"wp:featuredmedia":[{"embeddable":true,"href":"https:\/\/diarioregionaldigital.com.br\/index.php?rest_route=\/wp\/v2\/media\/183250"}],"wp:attachment":[{"href":"https:\/\/diarioregionaldigital.com.br\/index.php?rest_route=%2Fwp%2Fv2%2Fmedia&parent=183249"}],"wp:term":[{"taxonomy":"category","embeddable":true,"href":"https:\/\/diarioregionaldigital.com.br\/index.php?rest_route=%2Fwp%2Fv2%2Fcategories&post=183249"},{"taxonomy":"post_tag","embeddable":true,"href":"https:\/\/diarioregionaldigital.com.br\/index.php?rest_route=%2Fwp%2Fv2%2Ftags&post=183249"}],"curies":[{"name":"wp","href":"https:\/\/api.w.org\/{rel}","templated":true}]}}