{"id":183246,"date":"2021-05-31T17:42:46","date_gmt":"2021-05-31T20:42:46","guid":{"rendered":"https:\/\/diarioregionaldigital.com.br\/?p=183246"},"modified":"2021-05-31T17:42:46","modified_gmt":"2021-05-31T20:42:46","slug":"com-atuacao-consistente-brasil-bate-o-japao-por-3-a-0-na-liga-das-nacoes-feminina","status":"publish","type":"post","link":"https:\/\/diarioregionaldigital.com.br\/?p=183246","title":{"rendered":"Com atua\u00e7\u00e3o consistente, Brasil bate o Jap\u00e3o por 3 a 0 na Liga das Na\u00e7\u00f5es feminina"},"content":{"rendered":"<p>A sele\u00e7\u00e3o feminina de v\u00f4lei come\u00e7ou a segunda semana da Liga das Na\u00e7\u00f5es 2021 com uma boa vit\u00f3ria. A equipe comandada pelo t\u00e9cnico Jos\u00e9 Roberto Guimar\u00e3es derrotou o Jap\u00e3o nesta segunda-feira (31.05) por 3 sets a 0 (25\/15, 25\/19 e 25\/21) na competi\u00e7\u00e3o que acontece em Rimini, na It\u00e1lia.<\/p>\n<p>A ponteira Fernanda Garay foi o destaque da partida. A brasileira marcou 21 pontos e foi a maior pontuadora. A oposta Tandara foi a segunda, com 14 acertos. Com o resultado, a sele\u00e7\u00e3o soma tr\u00eas resultados positivos e uma derrota.<\/p>\n<p>\u201cHoje a comunica\u00e7\u00e3o come\u00e7ou a fluir melhor. Sab\u00edamos que ia ser um jogo r\u00e1pido, com muitas mexidas e ataques contra o corpo, que \u00e9 o que o Jap\u00e3o faz de melhor, sempre tentando achar as m\u00e3os nos bloqueios e os buracos na quadra com largadas e caixinhas\u201d, comentou a central Carol.<\/p>\n<p>A atleta ainda comentou sobre como o grupo conseguiu a vit\u00f3ria. \u201cElas come\u00e7aram atacando um pouco mais, mas nosso time estava preparado para a defesa. No segundo set, tentaram usar um pouco mais de largadas, mas nosso saque conseguiu tirar o passe da m\u00e3o da levantadora delas. Isso foi bom para conseguirmos estruturar nosso bloqueio e defesa e pontuar na virada de bola e contra-ataque\u201d, disse.<\/p>\n<p>Na sequ\u00eancia desta segunda semana, o Brasil ter\u00e1 confrontos contra a R\u00fassia, nesta ter\u00e7a-feira (01.06), e It\u00e1lia, na quarta (02.06). Os dois jogos ser\u00e3o a partir das 16h (de Bras\u00edlia).<\/p>\n<p>Fonte: Confedera\u00e7\u00e3o Brasileira de V\u00f4lei<\/p>\n","protected":false},"excerpt":{"rendered":"<p>A sele\u00e7\u00e3o feminina de v\u00f4lei come\u00e7ou a segunda semana da Liga das Na\u00e7\u00f5es 2021 com uma boa vit\u00f3ria. A equipe comandada pelo t\u00e9cnico Jos\u00e9 Roberto Guimar\u00e3es derrotou o Jap\u00e3o nesta segunda-feira (31.05) por 3 sets a 0 (25\/15, 25\/19 e 25\/21) na competi\u00e7\u00e3o que acontece em Rimini, na It\u00e1lia. A ponteira Fernanda Garay foi o [&hellip;]<\/p>\n","protected":false},"author":246,"featured_media":183247,"comment_status":"closed","ping_status":"closed","sticky":false,"template":"","format":"standard","meta":{"footnotes":""},"categories":[436,257,439],"tags":[],"class_list":["post-183246","post","type-post","status-publish","format-standard","has-post-thumbnail","hentry","category-destaque-da-semana","category-esporte","category-ultima-hora"],"_links":{"self":[{"href":"https:\/\/diarioregionaldigital.com.br\/index.php?rest_route=\/wp\/v2\/posts\/183246","targetHints":{"allow":["GET"]}}],"collection":[{"href":"https:\/\/diarioregionaldigital.com.br\/index.php?rest_route=\/wp\/v2\/posts"}],"about":[{"href":"https:\/\/diarioregionaldigital.com.br\/index.php?rest_route=\/wp\/v2\/types\/post"}],"author":[{"embeddable":true,"href":"https:\/\/diarioregionaldigital.com.br\/index.php?rest_route=\/wp\/v2\/users\/246"}],"replies":[{"embeddable":true,"href":"https:\/\/diarioregionaldigital.com.br\/index.php?rest_route=%2Fwp%2Fv2%2Fcomments&post=183246"}],"version-history":[{"count":1,"href":"https:\/\/diarioregionaldigital.com.br\/index.php?rest_route=\/wp\/v2\/posts\/183246\/revisions"}],"predecessor-version":[{"id":183248,"href":"https:\/\/diarioregionaldigital.com.br\/index.php?rest_route=\/wp\/v2\/posts\/183246\/revisions\/183248"}],"wp:featuredmedia":[{"embeddable":true,"href":"https:\/\/diarioregionaldigital.com.br\/index.php?rest_route=\/wp\/v2\/media\/183247"}],"wp:attachment":[{"href":"https:\/\/diarioregionaldigital.com.br\/index.php?rest_route=%2Fwp%2Fv2%2Fmedia&parent=183246"}],"wp:term":[{"taxonomy":"category","embeddable":true,"href":"https:\/\/diarioregionaldigital.com.br\/index.php?rest_route=%2Fwp%2Fv2%2Fcategories&post=183246"},{"taxonomy":"post_tag","embeddable":true,"href":"https:\/\/diarioregionaldigital.com.br\/index.php?rest_route=%2Fwp%2Fv2%2Ftags&post=183246"}],"curies":[{"name":"wp","href":"https:\/\/api.w.org\/{rel}","templated":true}]}}