{"id":183243,"date":"2021-05-31T17:38:53","date_gmt":"2021-05-31T20:38:53","guid":{"rendered":"https:\/\/diarioregionaldigital.com.br\/?p=183243"},"modified":"2021-05-31T17:38:53","modified_gmt":"2021-05-31T20:38:53","slug":"brasil-disputa-a-partir-desta-quarta-feira-02-06-em-roma-o-mundial-de-skate-street","status":"publish","type":"post","link":"https:\/\/diarioregionaldigital.com.br\/?p=183243","title":{"rendered":"Brasil disputa, a partir desta quarta-feira (02.06), em Roma, o Mundial de Skate Street"},"content":{"rendered":"<p>Grandes nomes do street skate brasileiro est\u00e3o em Roma, na It\u00e1lia, onde disputam, a partir desta quarta-feira (02.06), o Mundial da modalidade, que definir\u00e1 os representantes do Brasil nos Jogos Ol\u00edmpicos.<\/p>\n<p>Al\u00e9m de somar pontos importantes para o ranking mundial, base de classifica\u00e7\u00e3o para os Jogos de T\u00f3quio, os 6 skatistas \u2013 3 no feminino e 3 no masculino \u2013 que chegarem ao p\u00f3dio na competi\u00e7\u00e3o garantem vaga direta para a estreia do skate nas Olimp\u00edadas.\u00a0Na modalidade Park, o Brasil j\u00e1 tem seis atletas confirmados para as Olimp\u00edadas: Luiz Francisco, Dora Varella, Isadora Pacheco, Pedro Barros, Pedro Quintas e Yndiara Asp.<\/p>\n<p>Entre Sele\u00e7\u00e3o Brasileira e country quotas (vagas que a Confedera\u00e7\u00e3o Brasileira de Skate tinha direito a preencher atrav\u00e9s do ranking mundial ou por indica\u00e7\u00e3o t\u00e9cnica), o skate nacional contar\u00e1 com um total de 16 representantes. As disputas ser\u00e3o realizadas no est\u00e1dio Nicola Pietrangeli, no complexo esportivo do Foro It\u00e1lico, e ter\u00e3o transmiss\u00e3o ao vivo pelos sites www.worldskate.tv e olympics.com nas fases semifinal e final. A premia\u00e7\u00e3o total do evento, entre atletas do feminino e masculino, ser\u00e1 de 200 mil d\u00f3lares.<\/p>\n<p>\u201cEm cada competi\u00e7\u00e3o eu procuro s\u00f3 pensar no momento da competi\u00e7\u00e3o. Claro que o objetivo \u00e9 estar nas Olimp\u00edadas, mas n\u00e3o adianta eu s\u00f3 focar nas Olimp\u00edadas e esquecer das competi\u00e7\u00f5es que me d\u00e3o a oportunidade de estar nas Olimp\u00edadas. Fui para o Dew Tour com o pensamento s\u00f3 no Dew Tour. Agora, vou para Roma com o pensamento s\u00f3 em Roma\u201d, destaca P\u00e2mela Rosa, que se sagrou campe\u00e3 do Dew Tour no dia 23 de maio.<\/p>\n<p>\u201cEspero que d\u00ea tudo certo com todas as brasileiras, que a gente possa fazer um campeonato incr\u00edvel e que os brasileiros tor\u00e7am por n\u00f3s\u201d, comenta Rayssa Leal, que, ao lado de P\u00e2mela Rosa, formou um p\u00f3dio duplo para o Brasil no Dew Tour, ficando em 2\u00ba lugar.<\/p>\n<p>\u201cMinha expectativa para Roma \u00e9 andar bastante de skate e tentar fazer a final. Levo um dia ap\u00f3s o outro. Chegando \u00e0 final, minha meta \u00e9 um p\u00f3dio. Mas \u00e9 isso. Os pontos est\u00e3o muito bons. Agora \u00e9 manter e tentar n\u00e3o se machucar, que \u00e9 o mais importante\u201d, completa Leticia Bufoni, que, em 4\u00ba lugar no Dew Tour, ficou muito perto de deixar o p\u00f3dio 100% verde e amarelo no evento que aconteceu em Des Moines, em Iowa, nos Estados Unidos.<\/p>\n<p>Regras<\/p>\n<p>Pelas regras estabelecidas pela World Skate para o evento, as tr\u00eas brasileiras entram direto na semifinal, por estarem no top 5 do ranking mundial. No masculino, Kelvin Hoefler tamb\u00e9m tem vaga assegurada na semi. Todos os demais skatistas disputam a fase classificat\u00f3ria, que come\u00e7a quarta-feira (02.06), com o feminino.<\/p>\n<p>Confira a rela\u00e7\u00e3o completa de brasileiros e o cronograma do evento:<\/p>\n<p>Disputam as classificat\u00f3rias:<\/p>\n<p>Street Feminino &#8211; Virginia Fortes Aguas, Isabelly \u00c1vila e Ariadne de Souza<\/p>\n<p>Street Masculino &#8211; Giovanni Vianna, Carlos Ribeiro, Lucas Rabelo, Felipe Gustavo, Jo\u00e3o Lucas Alves, Gabryel Aguilar, Eduardo Neves, Gabriel Fortunato e Ivan Monteiro<\/p>\n<p>Avan\u00e7am para a semifinal os 27 atletas mais bem colocados nas classificat\u00f3rias masculina e feminina.<\/p>\n<p>Classificados direto para as semifinais<\/p>\n<p>Street Feminino &#8211; P\u00e2mela Rosa, Rayssa Leal e Leticia Bufoni<\/p>\n<p>Street Masculino &#8211; Kelvin Hoefler<\/p>\n<p>Avan\u00e7am para a final os 8 atletas mais bem colocados na semifinal.<\/p>\n<p>Cronograma<\/p>\n<p>Ter\u00e7a-feira (01.06) \u2013 \u00faltimo dia dos treinos<\/p>\n<p>Quarta-feira (02.06) &#8211; classificat\u00f3rias &#8211; Feminino &#8211; 3h20 da manh\u00e3<\/p>\n<p>Quinta-feira (03.06) &#8211; classificat\u00f3rias &#8211; Masculino &#8211; 3h20 da manh\u00e3<\/p>\n<p>Sexta-feira (04.06) &#8211; semifinal &#8211; Feminino &#8211; 7h da manh\u00e3<\/p>\n<p>S\u00e1bado (05.06) &#8211; semifinal &#8211; Masculino &#8211; 7h da manh\u00e3<\/p>\n<p>Domingo (06.06) &#8211; final &#8211; Feminino &#8211; 8h30 da manh\u00e3 \/ Masculino &#8211; 10h40 da manh\u00e3<br \/>\nOBS: Hor\u00e1rios de Bras\u00edlia<\/p>\n<p>Fonte: Confedera\u00e7\u00e3o Brasileira de Skate<\/p>\n","protected":false},"excerpt":{"rendered":"<p>Grandes nomes do street skate brasileiro est\u00e3o em Roma, na It\u00e1lia, onde disputam, a partir desta quarta-feira (02.06), o Mundial da modalidade, que definir\u00e1 os representantes do Brasil nos Jogos Ol\u00edmpicos. Al\u00e9m de somar pontos importantes para o ranking mundial, base de classifica\u00e7\u00e3o para os Jogos de T\u00f3quio, os 6 skatistas \u2013 3 no feminino [&hellip;]<\/p>\n","protected":false},"author":246,"featured_media":183244,"comment_status":"closed","ping_status":"closed","sticky":false,"template":"","format":"standard","meta":{"footnotes":""},"categories":[436,257,439],"tags":[],"class_list":["post-183243","post","type-post","status-publish","format-standard","has-post-thumbnail","hentry","category-destaque-da-semana","category-esporte","category-ultima-hora"],"_links":{"self":[{"href":"https:\/\/diarioregionaldigital.com.br\/index.php?rest_route=\/wp\/v2\/posts\/183243","targetHints":{"allow":["GET"]}}],"collection":[{"href":"https:\/\/diarioregionaldigital.com.br\/index.php?rest_route=\/wp\/v2\/posts"}],"about":[{"href":"https:\/\/diarioregionaldigital.com.br\/index.php?rest_route=\/wp\/v2\/types\/post"}],"author":[{"embeddable":true,"href":"https:\/\/diarioregionaldigital.com.br\/index.php?rest_route=\/wp\/v2\/users\/246"}],"replies":[{"embeddable":true,"href":"https:\/\/diarioregionaldigital.com.br\/index.php?rest_route=%2Fwp%2Fv2%2Fcomments&post=183243"}],"version-history":[{"count":1,"href":"https:\/\/diarioregionaldigital.com.br\/index.php?rest_route=\/wp\/v2\/posts\/183243\/revisions"}],"predecessor-version":[{"id":183245,"href":"https:\/\/diarioregionaldigital.com.br\/index.php?rest_route=\/wp\/v2\/posts\/183243\/revisions\/183245"}],"wp:featuredmedia":[{"embeddable":true,"href":"https:\/\/diarioregionaldigital.com.br\/index.php?rest_route=\/wp\/v2\/media\/183244"}],"wp:attachment":[{"href":"https:\/\/diarioregionaldigital.com.br\/index.php?rest_route=%2Fwp%2Fv2%2Fmedia&parent=183243"}],"wp:term":[{"taxonomy":"category","embeddable":true,"href":"https:\/\/diarioregionaldigital.com.br\/index.php?rest_route=%2Fwp%2Fv2%2Fcategories&post=183243"},{"taxonomy":"post_tag","embeddable":true,"href":"https:\/\/diarioregionaldigital.com.br\/index.php?rest_route=%2Fwp%2Fv2%2Ftags&post=183243"}],"curies":[{"name":"wp","href":"https:\/\/api.w.org\/{rel}","templated":true}]}}