{"id":183240,"date":"2021-05-31T17:25:51","date_gmt":"2021-05-31T20:25:51","guid":{"rendered":"https:\/\/diarioregionaldigital.com.br\/?p=183240"},"modified":"2021-05-31T17:25:51","modified_gmt":"2021-05-31T20:25:51","slug":"minas-gerais-expande-entrega-de-imunizantes-da-pfizer-para-municipios","status":"publish","type":"post","link":"https:\/\/diarioregionaldigital.com.br\/?p=183240","title":{"rendered":"Minas Gerais expande entrega de imunizantes da Pfizer para munic\u00edpios"},"content":{"rendered":"<p dir=\"ltr\">O\u00a0<a href=\"https:\/\/www.mg.gov.br\/\" target=\"_blank\" rel=\"noopener noreferrer\">Governo do Estado<\/a>\u00a0d\u00e1 prosseguimento, nesta segunda-feira (31\/5), \u00e0 distribui\u00e7\u00e3o da remessa 21 de vacinas contra a covid-19. As 60.840 doses da Pfizer sa\u00edram em caminh\u00f5es escoltados pelas For\u00e7as de Seguran\u00e7a para o aeroporto da Pampulha, de onde s\u00e3o enviadas, por via a\u00e9rea, para as Unidades Regionais. Esta \u00e9 a maior opera\u00e7\u00e3o de vacina\u00e7\u00e3o da hist\u00f3ria de Minas Gerais.<\/p>\n<p dir=\"ltr\">Das regionais, as vacinas seguir\u00e3o para os 73 munic\u00edpios selecionados, a partir de crit\u00e9rios t\u00e9cnicos, pela Comiss\u00e3o Intergestores Bipartite do Sistema \u00danico de Sa\u00fade do Estado de Minas Gerais (CIB-SUS\/MG N\u00ba 3.429) para receberem as doses da fabricante. Esta remessa da Pfizer \u00e9 destinada \u00e0 vacina\u00e7\u00e3o de pessoas com defici\u00eancia permanente, comorbidades, trabalhadores do transporte a\u00e9reo, For\u00e7as de Seguran\u00e7a e Salvamento.<\/p>\n<p dir=\"ltr\">J\u00e1 na \u00faltima sexta-feira (28\/5) doses de AstraZeneca foram entregues \u00e0s Unidades Regionais (URS) de Barbacena, Belo Horizonte, Coronel Fabriciano, Governador Valadares, Itabira, Leopoldina, Ponte Nova, Te\u00f3filo Otoni e Una\u00ed. Nesta segunda-feira (31\/5), o restante do lote 21 est\u00e1 sendo entregue a outras 19 URSs.<\/p>\n<p dir=\"ltr\"><strong>Confira os 73 munic\u00edpios que receber\u00e3o doses da vacina Pfizer:<\/strong><\/p>\n<p dir=\"ltr\">A Comiss\u00e3o Intergestores Bipartite deliberou, em 27\/5, a inclus\u00e3o de mais 26 munic\u00edpios para o recebimento da vacina Pfizer.<\/p>\n<p dir=\"ltr\">Al\u00e9m Para\u00edba, Almenara, Andradas, Ara\u00e7ua\u00ed, Arcos, Bar\u00e3o de Cocais, Boa Esperan\u00e7a, Bocai\u00fava, Bom Despacho, Bras\u00edlia de Minas, Brumadinho, Caet\u00e9, Campo Belo, Capelinha, Carangola, Carmo do Parana\u00edba, Cataguases, Congonhas, Diamantina, Esmeraldas, Espinosa, Extrema, Formiga, Frutal, Guanh\u00e3es, Guaxup\u00e9, Igarap\u00e9, Itabirito, Itamarandiba, Iturama, Ja\u00edba, Jana\u00faba, Janu\u00e1ria, Jo\u00e3o Pinheiro, Lagoa da Prata, Lagoa Santa, Leopoldina, Machado, Mariana, Mateus Leme, Matozinhos, Minas Novas, Monte Carmelo, Nanuque, Novo Cruzeiro, Oliveira, Ouro Branco, Ouro Fino, Ouro Preto, Pedro Leopoldo, Pirapora, Piumhi, Pomp\u00e9u, Ponte Nova, Porteirinha, Rio Pardo de Minas, Salinas, Santa B\u00e1rbara, Santa Rita do Sapuca\u00ed, Santana do Para\u00edso, Santos Dumont, S\u00e3o Francisco, S\u00e3o Gotardo, S\u00e3o Joaquim de Bicas, S\u00e3o Louren\u00e7o, S\u00e3o Sebasti\u00e3o do Para\u00edso, Sarzedo, Taiobeiras, Tr\u00eas Marias, Tr\u00eas Pontas, V\u00e1rzea da Palma, Vi\u00e7osa, Visconde do Rio Branco.<\/p>\n<p dir=\"ltr\"><strong>Crit\u00e9rios para cada munic\u00edpio receber o imunizante da Pfizer:<\/strong><\/p>\n<p dir=\"ltr\">&#8211; Popula\u00e7\u00e3o entre 30.000 e 78.999 habitantes;<\/p>\n<p dir=\"ltr\">&#8211; Ter equipe capacitada para a administra\u00e7\u00e3o da vacina;<\/p>\n<p dir=\"ltr\">&#8211; Os munic\u00edpios dever\u00e3o estar distantes no m\u00e1ximo 2h30 da capital, por modal a\u00e9reo ou rodovi\u00e1rio (ve\u00edculo refrigerado), para garantir a preserva\u00e7\u00e3o da temperatura de transporte indicada (-15\u00b0C \u00e0 -25\u00b0C) e at\u00e9 12h entre (2\u00b0C \u00e0 8\u00b0C), observada a estrutura atualmente dispon\u00edvel para log\u00edstica;<\/p>\n<p dir=\"ltr\">&#8211; As unidades de sa\u00fade devem comprovar mecanismos de agendamento para vacina\u00e7\u00e3o. A lista de usu\u00e1rios indicados \u00e0 vacina\u00e7\u00e3o deve ser de duas vezes o total de vacinas disponibilizadas \u00e0quela unidade (lista de espera\/contingencial);<\/p>\n<p dir=\"ltr\">&#8211; Agendar a vacina\u00e7\u00e3o de um total de pessoas compat\u00edvel com o consumo de 100% das vacinas a serem recebidas, em no m\u00e1ximo 4 dias, a contar da data agendada para o recebimento das vacinas;<\/p>\n<p dir=\"ltr\">&#8211; O tempo de validade m\u00e1ximo ap\u00f3s abertura do frasco, conservado entre 2\u00b0C e 8\u00b0C, \u00e9 de 6h. Os procedimentos devem estar orientados \u00e0 utiliza\u00e7\u00e3o integral das seis doses (0,3ml) por frasco no per\u00edodo de funcionamento\/vacina\u00e7\u00e3o;<\/p>\n<p dir=\"ltr\">&#8211; N\u00e3o deve ser realizada a vacina\u00e7\u00e3o com Pfizer fora das unidades de sa\u00fade, de forma que as condi\u00e7\u00f5es de preparo e conserva\u00e7\u00e3o estejam rigorosamente preservadas.<\/p>\n<p dir=\"ltr\"><strong>AstraZeneca<\/strong><\/p>\n<p dir=\"ltr\">As 561.750 doses da AstraZeneca, que tamb\u00e9m integram o 21\u00ba lote de vacinas da maior opera\u00e7\u00e3o de vacina\u00e7\u00e3o da hist\u00f3ria de Minas Gerais, tiveram o in\u00edcio da distribui\u00e7\u00e3o, por via terrestre, para as regionais de Barbacena, Belo Horizonte, Coronel Fabriciano, Governador Valadares, Itabira, Leopoldina, Ponte Nova, Te\u00f3filo Otoni e Una\u00ed no dia 28\/5.<\/p>\n<p dir=\"ltr\">As vacinas da AstraZeneca s\u00e3o destinadas \u00e0 amplia\u00e7\u00e3o da imuniza\u00e7\u00e3o de pessoas com comorbidade, defici\u00eancia permanente, For\u00e7as de Seguran\u00e7a e Salvamento e a inclus\u00e3o de trabalhadores do transporte a\u00e9reo e portu\u00e1rio.<\/p>\n<p dir=\"ltr\"><a href=\"http:\/\/www.agenciaminas.mg.gov.br\/ckeditor_assets\/attachments\/11192\/planilha_remessa_21.xlsx\" target=\"_blank\" rel=\"noopener\">Clique aqui<\/a>\u00a0para acessar a tabela com o detalhamento da distribui\u00e7\u00e3o das vacinas AstraZeneca e Pfizer (Arquivo em formato .XLS).<\/p>\n<p dir=\"ltr\">Os munic\u00edpios que n\u00e3o receberam vacina da Pfizer no estado de Minas Gerais, na 21\u00aa remessa, ser\u00e3o contemplados com a vacina da AstraZeneca\/Fiocruz para a popula\u00e7\u00e3o com comorbidades e pessoas com defici\u00eancia permanente.<\/p>\n<p><span style=\"font-weight: 400;\">Fonte: Ag\u00eancia Minas<\/span><\/p>\n","protected":false},"excerpt":{"rendered":"<p>O\u00a0Governo do Estado\u00a0d\u00e1 prosseguimento, nesta segunda-feira (31\/5), \u00e0 distribui\u00e7\u00e3o da remessa 21 de vacinas contra a covid-19. As 60.840 doses da Pfizer sa\u00edram em caminh\u00f5es escoltados pelas For\u00e7as de Seguran\u00e7a para o aeroporto da Pampulha, de onde s\u00e3o enviadas, por via a\u00e9rea, para as Unidades Regionais. Esta \u00e9 a maior opera\u00e7\u00e3o de vacina\u00e7\u00e3o da hist\u00f3ria [&hellip;]<\/p>\n","protected":false},"author":246,"featured_media":183241,"comment_status":"closed","ping_status":"closed","sticky":false,"template":"","format":"standard","meta":{"footnotes":""},"categories":[254,439],"tags":[],"class_list":["post-183240","post","type-post","status-publish","format-standard","has-post-thumbnail","hentry","category-politica","category-ultima-hora"],"_links":{"self":[{"href":"https:\/\/diarioregionaldigital.com.br\/index.php?rest_route=\/wp\/v2\/posts\/183240","targetHints":{"allow":["GET"]}}],"collection":[{"href":"https:\/\/diarioregionaldigital.com.br\/index.php?rest_route=\/wp\/v2\/posts"}],"about":[{"href":"https:\/\/diarioregionaldigital.com.br\/index.php?rest_route=\/wp\/v2\/types\/post"}],"author":[{"embeddable":true,"href":"https:\/\/diarioregionaldigital.com.br\/index.php?rest_route=\/wp\/v2\/users\/246"}],"replies":[{"embeddable":true,"href":"https:\/\/diarioregionaldigital.com.br\/index.php?rest_route=%2Fwp%2Fv2%2Fcomments&post=183240"}],"version-history":[{"count":1,"href":"https:\/\/diarioregionaldigital.com.br\/index.php?rest_route=\/wp\/v2\/posts\/183240\/revisions"}],"predecessor-version":[{"id":183242,"href":"https:\/\/diarioregionaldigital.com.br\/index.php?rest_route=\/wp\/v2\/posts\/183240\/revisions\/183242"}],"wp:featuredmedia":[{"embeddable":true,"href":"https:\/\/diarioregionaldigital.com.br\/index.php?rest_route=\/wp\/v2\/media\/183241"}],"wp:attachment":[{"href":"https:\/\/diarioregionaldigital.com.br\/index.php?rest_route=%2Fwp%2Fv2%2Fmedia&parent=183240"}],"wp:term":[{"taxonomy":"category","embeddable":true,"href":"https:\/\/diarioregionaldigital.com.br\/index.php?rest_route=%2Fwp%2Fv2%2Fcategories&post=183240"},{"taxonomy":"post_tag","embeddable":true,"href":"https:\/\/diarioregionaldigital.com.br\/index.php?rest_route=%2Fwp%2Fv2%2Ftags&post=183240"}],"curies":[{"name":"wp","href":"https:\/\/api.w.org\/{rel}","templated":true}]}}