{"id":183236,"date":"2021-05-31T16:34:08","date_gmt":"2021-05-31T19:34:08","guid":{"rendered":"https:\/\/diarioregionaldigital.com.br\/?p=183236"},"modified":"2021-05-31T16:34:08","modified_gmt":"2021-05-31T19:34:08","slug":"ministros-dizem-que-populacao-sera-vacinada-ate-o-final-do-ano","status":"publish","type":"post","link":"https:\/\/diarioregionaldigital.com.br\/?p=183236","title":{"rendered":"Ministros dizem que popula\u00e7\u00e3o ser\u00e1 vacinada at\u00e9 o final do ano"},"content":{"rendered":"<p>Os ministros da Sa\u00fade, Marcelo Queiroga, e da Economia, Paulo Guedes, disseram hoje (31) que o Brasil ter\u00e1 toda sua popula\u00e7\u00e3o vacinada at\u00e9 o final do ano. A fala foi feita por Queiroga e confirmada por Guedes em videoconfer\u00eancia, durante o F\u00f3rum de Investimentos Brasil 2021 \u2013 evento organizado pela Apex-Brasil, pelo Banco Interamericano de Desenvolvimento e pelo governo federal, voltado a investidores estrangeiros.<img decoding=\"async\" src=\"https:\/\/agenciabrasil.ebc.com.br\/ebc.png?id=1411281&amp;o=node\" \/><img decoding=\"async\" src=\"https:\/\/agenciabrasil.ebc.com.br\/ebc.gif?id=1411281&amp;o=node\" \/><\/p>\n<p>\u201cComo disse o ministro Queiroga, a vacina\u00e7\u00e3o em massa \u00e9 a principal pol\u00edtica econ\u00f4mica que podemos fazer por agora\u201d, disse Guedes ao reafirmar a inten\u00e7\u00e3o do governo em garantir o retorno seguro dos trabalhadores brasileiros ao ambiente de trabalho. \u201cN\u00e3o faltar\u00e3o recursos para [a importa\u00e7\u00e3o e a produ\u00e7\u00e3o de] vacinas\u201d, garantiu o ministro da Economia.<\/p>\n<p>Momentos antes, Queiroga disse ter \u201ccerteza de que at\u00e9 o fim do ano vamos conseguir imunizar todos os cidad\u00e3os\u201d, e apontou como prioridade de sua pasta dar celeridade \u00e0 campanha de vacina\u00e7\u00e3o e o refor\u00e7o de medidas sanit\u00e1rias. Ele acrescentou que a vacina\u00e7\u00e3o contribuir\u00e1 para o crescimento da economia brasileira, e que, para cada 10% da popula\u00e7\u00e3o vacinada projeta-se um crescimento de 0,13 ponto porcentual para a economia do pa\u00eds.<\/p>\n<p><strong>Ambiente econ\u00f4mico<br \/>\n<\/strong><br \/>\nEm seu discurso, o ministro Paulo Guedes corroborou com as declara\u00e7\u00f5es do ministro da Sa\u00fade, no que se refere \u00e0 correla\u00e7\u00e3o entre vacina\u00e7\u00e3o e melhora do ambiente econ\u00f4mico, e disse estar otimista com os resultados que o pa\u00eds vem apresentando em termos de receita.<\/p>\n<p>Segundo ele, a expectativa \u00e9 de que a economia tenha crescimento superior aos 3,5% projetados para este ano. Ainda de acordo com o ministro, os recordes de receita que v\u00eam sendo registrados \u201cdemonstram o vigor da recupera\u00e7\u00e3o econ\u00f4mica\u201d do pa\u00eds.<\/p>\n<p>Guedes listou algumas medidas adotadas pelo governo, no sentido de garantir \u201cemprego e prote\u00e7\u00e3o aos mais vulner\u00e1veis\u201d, o que, segundo ele, possibilitou a manuten\u00e7\u00e3o de 11 milh\u00f5es de empregos formais.<br \/>\n<span style=\"font-weight: 400;\"><br \/>\n<\/span><span style=\"font-weight: 400;\">Fonte: Ag\u00eancia Brasil <\/span><\/p>\n","protected":false},"excerpt":{"rendered":"<p>Os ministros da Sa\u00fade, Marcelo Queiroga, e da Economia, Paulo Guedes, disseram hoje (31) que o Brasil ter\u00e1 toda sua popula\u00e7\u00e3o vacinada at\u00e9 o final do ano. A fala foi feita por Queiroga e confirmada por Guedes em videoconfer\u00eancia, durante o F\u00f3rum de Investimentos Brasil 2021 \u2013 evento organizado pela Apex-Brasil, pelo Banco Interamericano de [&hellip;]<\/p>\n","protected":false},"author":246,"featured_media":183237,"comment_status":"closed","ping_status":"closed","sticky":false,"template":"","format":"standard","meta":{"footnotes":""},"categories":[440,254,439],"tags":[],"class_list":["post-183236","post","type-post","status-publish","format-standard","has-post-thumbnail","hentry","category-destaques-do-dia","category-politica","category-ultima-hora"],"_links":{"self":[{"href":"https:\/\/diarioregionaldigital.com.br\/index.php?rest_route=\/wp\/v2\/posts\/183236","targetHints":{"allow":["GET"]}}],"collection":[{"href":"https:\/\/diarioregionaldigital.com.br\/index.php?rest_route=\/wp\/v2\/posts"}],"about":[{"href":"https:\/\/diarioregionaldigital.com.br\/index.php?rest_route=\/wp\/v2\/types\/post"}],"author":[{"embeddable":true,"href":"https:\/\/diarioregionaldigital.com.br\/index.php?rest_route=\/wp\/v2\/users\/246"}],"replies":[{"embeddable":true,"href":"https:\/\/diarioregionaldigital.com.br\/index.php?rest_route=%2Fwp%2Fv2%2Fcomments&post=183236"}],"version-history":[{"count":1,"href":"https:\/\/diarioregionaldigital.com.br\/index.php?rest_route=\/wp\/v2\/posts\/183236\/revisions"}],"predecessor-version":[{"id":183239,"href":"https:\/\/diarioregionaldigital.com.br\/index.php?rest_route=\/wp\/v2\/posts\/183236\/revisions\/183239"}],"wp:featuredmedia":[{"embeddable":true,"href":"https:\/\/diarioregionaldigital.com.br\/index.php?rest_route=\/wp\/v2\/media\/183237"}],"wp:attachment":[{"href":"https:\/\/diarioregionaldigital.com.br\/index.php?rest_route=%2Fwp%2Fv2%2Fmedia&parent=183236"}],"wp:term":[{"taxonomy":"category","embeddable":true,"href":"https:\/\/diarioregionaldigital.com.br\/index.php?rest_route=%2Fwp%2Fv2%2Fcategories&post=183236"},{"taxonomy":"post_tag","embeddable":true,"href":"https:\/\/diarioregionaldigital.com.br\/index.php?rest_route=%2Fwp%2Fv2%2Ftags&post=183236"}],"curies":[{"name":"wp","href":"https:\/\/api.w.org\/{rel}","templated":true}]}}