{"id":183233,"date":"2021-05-31T16:22:21","date_gmt":"2021-05-31T19:22:21","guid":{"rendered":"https:\/\/diarioregionaldigital.com.br\/?p=183233"},"modified":"2021-05-31T16:22:21","modified_gmt":"2021-05-31T19:22:21","slug":"confianca-dos-empresarios-de-servicos-cresce-64-pontos","status":"publish","type":"post","link":"https:\/\/diarioregionaldigital.com.br\/?p=183233","title":{"rendered":"Confian\u00e7a dos empres\u00e1rios de servi\u00e7os cresce 6,4 pontos"},"content":{"rendered":"<p>O \u00cdndice de Confian\u00e7a de Servi\u00e7os, medido pela Funda\u00e7\u00e3o Getulio Vargas (FGV), cresceu 6,4 pontos na passagem de abril para maio. \u00c9 a segunda alta consecutiva do indicador, que atingiu o maior patamar desde fevereiro de 2020 (94,4 pontos).<img decoding=\"async\" src=\"https:\/\/agenciabrasil.ebc.com.br\/ebc.png?id=1411245&amp;o=node\" \/><img decoding=\"async\" src=\"https:\/\/agenciabrasil.ebc.com.br\/ebc.gif?id=1411245&amp;o=node\" \/><\/p>\n<p>Segundo a FGV, foi observada a alta da confian\u00e7a em empres\u00e1rios brasileiros de 12 dos 13 segmentos de servi\u00e7os pesquisados.<\/p>\n<p>O \u00cdndice de Situa\u00e7\u00e3o Atual subiu 9,2 pontos e atingiu 84 pontos, maior n\u00edvel desde mar\u00e7o de 2020 (85,2). J\u00e1 o \u00cdndice de Expectativas avan\u00e7ou 3,7 e chegou a 92,4 pontos, maior patamar desde outubro de 2020 (95,7 pontos).<\/p>\n<p>\u201cA expectativa \u00e9 que a expans\u00e3o do programa de vacina\u00e7\u00e3o atingindo uma parcela maior da popula\u00e7\u00e3o contribua para a continuidade da recupera\u00e7\u00e3o no setor bastante afetado durante todo o per\u00edodo da pandemia\u201d, disse Rodolpho Tobler, economista da FGV.<\/p>\n<p><span style=\"font-weight: 400;\">Fonte: Ag\u00eancia Brasil <\/span><\/p>\n","protected":false},"excerpt":{"rendered":"<p>O \u00cdndice de Confian\u00e7a de Servi\u00e7os, medido pela Funda\u00e7\u00e3o Getulio Vargas (FGV), cresceu 6,4 pontos na passagem de abril para maio. \u00c9 a segunda alta consecutiva do indicador, que atingiu o maior patamar desde fevereiro de 2020 (94,4 pontos). Segundo a FGV, foi observada a alta da confian\u00e7a em empres\u00e1rios brasileiros de 12 dos 13 [&hellip;]<\/p>\n","protected":false},"author":246,"featured_media":183234,"comment_status":"closed","ping_status":"closed","sticky":false,"template":"","format":"standard","meta":{"footnotes":""},"categories":[261,439],"tags":[],"class_list":["post-183233","post","type-post","status-publish","format-standard","has-post-thumbnail","hentry","category-economia","category-ultima-hora"],"_links":{"self":[{"href":"https:\/\/diarioregionaldigital.com.br\/index.php?rest_route=\/wp\/v2\/posts\/183233","targetHints":{"allow":["GET"]}}],"collection":[{"href":"https:\/\/diarioregionaldigital.com.br\/index.php?rest_route=\/wp\/v2\/posts"}],"about":[{"href":"https:\/\/diarioregionaldigital.com.br\/index.php?rest_route=\/wp\/v2\/types\/post"}],"author":[{"embeddable":true,"href":"https:\/\/diarioregionaldigital.com.br\/index.php?rest_route=\/wp\/v2\/users\/246"}],"replies":[{"embeddable":true,"href":"https:\/\/diarioregionaldigital.com.br\/index.php?rest_route=%2Fwp%2Fv2%2Fcomments&post=183233"}],"version-history":[{"count":1,"href":"https:\/\/diarioregionaldigital.com.br\/index.php?rest_route=\/wp\/v2\/posts\/183233\/revisions"}],"predecessor-version":[{"id":183235,"href":"https:\/\/diarioregionaldigital.com.br\/index.php?rest_route=\/wp\/v2\/posts\/183233\/revisions\/183235"}],"wp:featuredmedia":[{"embeddable":true,"href":"https:\/\/diarioregionaldigital.com.br\/index.php?rest_route=\/wp\/v2\/media\/183234"}],"wp:attachment":[{"href":"https:\/\/diarioregionaldigital.com.br\/index.php?rest_route=%2Fwp%2Fv2%2Fmedia&parent=183233"}],"wp:term":[{"taxonomy":"category","embeddable":true,"href":"https:\/\/diarioregionaldigital.com.br\/index.php?rest_route=%2Fwp%2Fv2%2Fcategories&post=183233"},{"taxonomy":"post_tag","embeddable":true,"href":"https:\/\/diarioregionaldigital.com.br\/index.php?rest_route=%2Fwp%2Fv2%2Ftags&post=183233"}],"curies":[{"name":"wp","href":"https:\/\/api.w.org\/{rel}","templated":true}]}}