{"id":183218,"date":"2021-05-30T06:00:02","date_gmt":"2021-05-30T09:00:02","guid":{"rendered":"https:\/\/diarioregionaldigital.com.br\/?p=183218"},"modified":"2021-05-29T03:32:02","modified_gmt":"2021-05-29T06:32:02","slug":"reflexao-rapida","status":"publish","type":"post","link":"https:\/\/diarioregionaldigital.com.br\/?p=183218","title":{"rendered":"Reflex\u00e3o R\u00e1pida"},"content":{"rendered":"<p style=\"text-align: center;\"><strong>Muito Estilo<\/strong><\/p>\n<p style=\"text-align: center;\">As meias de comprimento \u00be s\u00e3o a bola da vez. No desfile de pre-fall da Dior, em Xangai (com direito a mil pessoas na plateia, apesar da pandemia), elas em vers\u00e3o branca e mais grossas, surgiram acompanhadas de coturnos e t\u00eanis. O truque de styling j\u00e1 havia aparecido no show de inverno 2020\/2021 da Gucci.<\/p>\n<p style=\"text-align: center;\"><strong>Esp\u00e9cies e Aromas<\/strong><\/p>\n<p style=\"text-align: center;\">O Orquid\u00e1rio Aleino Fraga tem uma variedade de esp\u00e9cies e aromas e enfeita com eleg\u00e2ncia as casas chiques de Juiz de Fora. A elegante Dalva Westermann mistura as orqu\u00eddeas com folhas grandes enfeita com um vela aromatizada.<\/p>\n<p style=\"text-align: center;\"><strong>Censo 2020<\/strong><\/p>\n<p style=\"text-align: center;\">Em boa hora, o IBGE, sucursal Minas Gerais, emitiu nota anunciando que, ap\u00f3s decis\u00e3o do Supremo definindo que o Censo deve ser realizado em Minas Geris, a dire\u00e7\u00e3o do instituto j\u00e1 prepara um plano.<\/p>\n<p style=\"text-align: center;\"><strong>Cultura<\/strong><\/p>\n<p style=\"text-align: center;\">Em dia com a arte, est\u00e1 dispon\u00edvel no YouTube a mostra \u201cO cinema de Juiz de Fora no acervo do Arquivo Central UFJF: uma mostra dos documentos que contam a hist\u00f3ria do cinema na cidade\u201d.<\/p>\n<p style=\"text-align: center;\"><strong>Com Amor<\/strong><\/p>\n<p style=\"text-align: center;\">A Tiffany acaba de lan\u00e7ar mais uma cole\u00e7\u00e3o da linha HardWear, que \u00e9 inspirada na ousadia e na energia da cidade de Nova York. As pe\u00e7as em ouro ros\u00e9 e amarelo , tem os tradicionais elos da joalheria e apresentam formas industriais.<\/p>\n<p style=\"text-align: center;\"><strong>Decora\u00e7\u00e3o<\/strong><\/p>\n<p style=\"text-align: center;\">Os decoradores de Juiz de Fora lan\u00e7aram a cor rosa como tom para a cozinha tingindo paredes, arm\u00e1rios e revestimentos, com um toque de ousadia. Tamb\u00e9m vale rosa choque, levando personalidade \u00e0 cozinha integrada a sala para apartamentos de solteiros e descolados.<\/p>\n<p style=\"text-align: center;\"><strong>Tiro e Queda<\/strong><\/p>\n<p style=\"text-align: center;\">A Comiss\u00e3o de Direitos Humanos da Assembleia fez audi\u00eancia p\u00fablica para discutir a politica de armas do Brasil. O evento atendeu a requerimento da presidente da comiss\u00e3o, deputada Andr\u00e9a de Jesus (PSOL).<\/p>\n<p style=\"text-align: center;\"><strong>Vers\u00e1til<\/strong><\/p>\n<p style=\"text-align: center;\">A bonita Tha\u00eds Tatton em fase de otimismo total assumiu a ger\u00eancia comercial do Olympo Eventos e do Buffet Pathernon, com foco no mercado de casamento e eventos.<\/p>\n<p style=\"text-align: center;\"><strong>Reflex\u00e3o R\u00e1pida<\/strong><\/p>\n<p style=\"text-align: center;\">Sabemos que cada um tem sua parte quando o assunto \u00e9 a devasta\u00e7\u00e3o do planeta. Podemos fazer a diferen\u00e7a como correspons\u00e1veis pelas pequenas, m\u00e9dias e grandes mudan\u00e7as.<\/p>\n<div id=\"attachment_183216\" style=\"width: 690px\" class=\"wp-caption aligncenter\"><img loading=\"lazy\" decoding=\"async\" aria-describedby=\"caption-attachment-183216\" class=\"wp-image-183216\" src=\"https:\/\/diarioregionaldigital.com.br\/wp-content\/uploads\/2021\/05\/fotoa-4-e1622268889674.jpeg\" alt=\"\" width=\"680\" height=\"525\" srcset=\"https:\/\/diarioregionaldigital.com.br\/wp-content\/uploads\/2021\/05\/fotoa-4-e1622268889674.jpeg 953w, https:\/\/diarioregionaldigital.com.br\/wp-content\/uploads\/2021\/05\/fotoa-4-e1622268889674-300x232.jpeg 300w, https:\/\/diarioregionaldigital.com.br\/wp-content\/uploads\/2021\/05\/fotoa-4-e1622268889674-768x593.jpeg 768w, https:\/\/diarioregionaldigital.com.br\/wp-content\/uploads\/2021\/05\/fotoa-4-e1622268889674-360x278.jpeg 360w\" sizes=\"auto, (max-width: 680px) 100vw, 680px\" \/><p id=\"caption-attachment-183216\" class=\"wp-caption-text\">Filha de Guta Lacerda e Wendel Guiducci, a bonita Beatriz Lacerda Guiducci, no auge de seus 15 anos<\/p><\/div>\n<p><img loading=\"lazy\" decoding=\"async\" class=\"aligncenter size-full wp-image-183219\" src=\"https:\/\/diarioregionaldigital.com.br\/wp-content\/uploads\/2021\/05\/aniversario-juiz-de-fora-2021-scaled.jpg\" alt=\"\" width=\"2560\" height=\"2027\" srcset=\"https:\/\/diarioregionaldigital.com.br\/wp-content\/uploads\/2021\/05\/aniversario-juiz-de-fora-2021-scaled.jpg 2560w, https:\/\/diarioregionaldigital.com.br\/wp-content\/uploads\/2021\/05\/aniversario-juiz-de-fora-2021-300x238.jpg 300w, https:\/\/diarioregionaldigital.com.br\/wp-content\/uploads\/2021\/05\/aniversario-juiz-de-fora-2021-1024x811.jpg 1024w, https:\/\/diarioregionaldigital.com.br\/wp-content\/uploads\/2021\/05\/aniversario-juiz-de-fora-2021-768x608.jpg 768w, https:\/\/diarioregionaldigital.com.br\/wp-content\/uploads\/2021\/05\/aniversario-juiz-de-fora-2021-1536x1216.jpg 1536w, https:\/\/diarioregionaldigital.com.br\/wp-content\/uploads\/2021\/05\/aniversario-juiz-de-fora-2021-2048x1621.jpg 2048w, https:\/\/diarioregionaldigital.com.br\/wp-content\/uploads\/2021\/05\/aniversario-juiz-de-fora-2021-360x285.jpg 360w\" sizes=\"auto, (max-width: 2560px) 100vw, 2560px\" \/><\/p>\n<p>&nbsp;<\/p>\n","protected":false},"excerpt":{"rendered":"<p>Muito Estilo As meias de comprimento \u00be s\u00e3o a bola da vez. No desfile de pre-fall da Dior, em Xangai (com direito a mil pessoas na plateia, apesar da pandemia), elas em vers\u00e3o branca e mais grossas, surgiram acompanhadas de coturnos e t\u00eanis. O truque de styling j\u00e1 havia aparecido no show de inverno 2020\/2021 [&hellip;]<\/p>\n","protected":false},"author":253,"featured_media":183216,"comment_status":"closed","ping_status":"closed","sticky":false,"template":"","format":"standard","meta":{"footnotes":""},"categories":[264],"tags":[],"class_list":["post-183218","post","type-post","status-publish","format-standard","has-post-thumbnail","hentry","category-eduardo-gomes"],"_links":{"self":[{"href":"https:\/\/diarioregionaldigital.com.br\/index.php?rest_route=\/wp\/v2\/posts\/183218","targetHints":{"allow":["GET"]}}],"collection":[{"href":"https:\/\/diarioregionaldigital.com.br\/index.php?rest_route=\/wp\/v2\/posts"}],"about":[{"href":"https:\/\/diarioregionaldigital.com.br\/index.php?rest_route=\/wp\/v2\/types\/post"}],"author":[{"embeddable":true,"href":"https:\/\/diarioregionaldigital.com.br\/index.php?rest_route=\/wp\/v2\/users\/253"}],"replies":[{"embeddable":true,"href":"https:\/\/diarioregionaldigital.com.br\/index.php?rest_route=%2Fwp%2Fv2%2Fcomments&post=183218"}],"version-history":[{"count":2,"href":"https:\/\/diarioregionaldigital.com.br\/index.php?rest_route=\/wp\/v2\/posts\/183218\/revisions"}],"predecessor-version":[{"id":183226,"href":"https:\/\/diarioregionaldigital.com.br\/index.php?rest_route=\/wp\/v2\/posts\/183218\/revisions\/183226"}],"wp:featuredmedia":[{"embeddable":true,"href":"https:\/\/diarioregionaldigital.com.br\/index.php?rest_route=\/wp\/v2\/media\/183216"}],"wp:attachment":[{"href":"https:\/\/diarioregionaldigital.com.br\/index.php?rest_route=%2Fwp%2Fv2%2Fmedia&parent=183218"}],"wp:term":[{"taxonomy":"category","embeddable":true,"href":"https:\/\/diarioregionaldigital.com.br\/index.php?rest_route=%2Fwp%2Fv2%2Fcategories&post=183218"},{"taxonomy":"post_tag","embeddable":true,"href":"https:\/\/diarioregionaldigital.com.br\/index.php?rest_route=%2Fwp%2Fv2%2Ftags&post=183218"}],"curies":[{"name":"wp","href":"https:\/\/api.w.org\/{rel}","templated":true}]}}