{"id":183212,"date":"2021-05-28T19:15:15","date_gmt":"2021-05-28T22:15:15","guid":{"rendered":"https:\/\/diarioregionaldigital.com.br\/?p=183212"},"modified":"2021-05-28T19:15:15","modified_gmt":"2021-05-28T22:15:15","slug":"policia-militar-registra-homicidio-consumado-no-bairro-benfica","status":"publish","type":"post","link":"https:\/\/diarioregionaldigital.com.br\/?p=183212","title":{"rendered":"Pol\u00edcia Militar registra homic\u00eddio consumado no bairro Benfica"},"content":{"rendered":"<p>Na madrugada de sexta-feira, 28Mai21, por volta das 03h14min, a Pol\u00edcia Militar foi acionada via COPOM para verifica\u00e7\u00e3o de disparos de arma de fogo que teriam ocorrido na Rua Evaristo da Veiga no bairro Benfica. No local, o fato foi confirmado e um homem encontrava-se ferido e deitado inconsciente em um colch\u00e3o que estava na cal\u00e7ada. Segundo testemunhas, um suspeito havia se aproximado, efetuado os disparos e fugido. O SAMU esteve no local e confirmou o \u00f3bito. A per\u00edcia foi acionada e constatou cinco perfura\u00e7\u00f5es no cr\u00e2nio da v\u00edtima, um homem de 30 anos, morador de rua, que estava cumprindo pris\u00e3o domiciliar de natureza cautelar. A Funer\u00e1ria foi acionada e removeu o corpo. De posse das caracter\u00edsticas, a Pol\u00edcia Militar segue em intenso rastreamento.<\/p>\n","protected":false},"excerpt":{"rendered":"<p>Na madrugada de sexta-feira, 28Mai21, por volta das 03h14min, a Pol\u00edcia Militar foi acionada via COPOM para verifica\u00e7\u00e3o de disparos de arma de fogo que teriam ocorrido na Rua Evaristo da Veiga no bairro Benfica. No local, o fato foi confirmado e um homem encontrava-se ferido e deitado inconsciente em um colch\u00e3o que estava na [&hellip;]<\/p>\n","protected":false},"author":246,"featured_media":183213,"comment_status":"closed","ping_status":"closed","sticky":false,"template":"","format":"standard","meta":{"footnotes":""},"categories":[301,1229,439],"tags":[],"class_list":["post-183212","post","type-post","status-publish","format-standard","has-post-thumbnail","hentry","category-artigos-policiais","category-policial","category-ultima-hora"],"_links":{"self":[{"href":"https:\/\/diarioregionaldigital.com.br\/index.php?rest_route=\/wp\/v2\/posts\/183212","targetHints":{"allow":["GET"]}}],"collection":[{"href":"https:\/\/diarioregionaldigital.com.br\/index.php?rest_route=\/wp\/v2\/posts"}],"about":[{"href":"https:\/\/diarioregionaldigital.com.br\/index.php?rest_route=\/wp\/v2\/types\/post"}],"author":[{"embeddable":true,"href":"https:\/\/diarioregionaldigital.com.br\/index.php?rest_route=\/wp\/v2\/users\/246"}],"replies":[{"embeddable":true,"href":"https:\/\/diarioregionaldigital.com.br\/index.php?rest_route=%2Fwp%2Fv2%2Fcomments&post=183212"}],"version-history":[{"count":1,"href":"https:\/\/diarioregionaldigital.com.br\/index.php?rest_route=\/wp\/v2\/posts\/183212\/revisions"}],"predecessor-version":[{"id":183214,"href":"https:\/\/diarioregionaldigital.com.br\/index.php?rest_route=\/wp\/v2\/posts\/183212\/revisions\/183214"}],"wp:featuredmedia":[{"embeddable":true,"href":"https:\/\/diarioregionaldigital.com.br\/index.php?rest_route=\/wp\/v2\/media\/183213"}],"wp:attachment":[{"href":"https:\/\/diarioregionaldigital.com.br\/index.php?rest_route=%2Fwp%2Fv2%2Fmedia&parent=183212"}],"wp:term":[{"taxonomy":"category","embeddable":true,"href":"https:\/\/diarioregionaldigital.com.br\/index.php?rest_route=%2Fwp%2Fv2%2Fcategories&post=183212"},{"taxonomy":"post_tag","embeddable":true,"href":"https:\/\/diarioregionaldigital.com.br\/index.php?rest_route=%2Fwp%2Fv2%2Ftags&post=183212"}],"curies":[{"name":"wp","href":"https:\/\/api.w.org\/{rel}","templated":true}]}}