{"id":183208,"date":"2021-05-28T19:13:42","date_gmt":"2021-05-28T22:13:42","guid":{"rendered":"https:\/\/diarioregionaldigital.com.br\/?p=183208"},"modified":"2021-05-28T19:13:42","modified_gmt":"2021-05-28T22:13:42","slug":"policia-militar-registra-o-arrombamento-de-uma-loja-e-furto-de-telefones-celulares-na-regiao-central-da-cidade","status":"publish","type":"post","link":"https:\/\/diarioregionaldigital.com.br\/?p=183208","title":{"rendered":"Pol\u00edcia Militar registra o arrombamento de uma loja e furto de telefones celulares na regi\u00e3o central da cidade."},"content":{"rendered":"<p>Na madrugada de sexta-feira, 28Mai21, por volta das 03h06min, a Pol\u00edcia Militar foi acionada via COPOM a comparecer numa loja na Rua Batista de Oliveira na regi\u00e3o central da cidade para averigua\u00e7\u00e3o de dois suspeitos que teriam arrombado o estabelecimento comercial e fugido logo em seguida sentido a Rua Santa Rita. O fato foi confirmado, o gerente da loja, um homem de 37 anos, compareceu no local e acompanhou a a\u00e7\u00e3o policial. Durante a varredura foi constatado o furto de 11 telefones celulares. De posse das caracter\u00edsticas, a Pol\u00edcia Militar segue em intenso rastreamento.<\/p>\n","protected":false},"excerpt":{"rendered":"<p>Na madrugada de sexta-feira, 28Mai21, por volta das 03h06min, a Pol\u00edcia Militar foi acionada via COPOM a comparecer numa loja na Rua Batista de Oliveira na regi\u00e3o central da cidade para averigua\u00e7\u00e3o de dois suspeitos que teriam arrombado o estabelecimento comercial e fugido logo em seguida sentido a Rua Santa Rita. O fato foi confirmado, [&hellip;]<\/p>\n","protected":false},"author":246,"featured_media":183209,"comment_status":"closed","ping_status":"closed","sticky":false,"template":"","format":"standard","meta":{"footnotes":""},"categories":[301,1229,439],"tags":[],"class_list":["post-183208","post","type-post","status-publish","format-standard","has-post-thumbnail","hentry","category-artigos-policiais","category-policial","category-ultima-hora"],"_links":{"self":[{"href":"https:\/\/diarioregionaldigital.com.br\/index.php?rest_route=\/wp\/v2\/posts\/183208","targetHints":{"allow":["GET"]}}],"collection":[{"href":"https:\/\/diarioregionaldigital.com.br\/index.php?rest_route=\/wp\/v2\/posts"}],"about":[{"href":"https:\/\/diarioregionaldigital.com.br\/index.php?rest_route=\/wp\/v2\/types\/post"}],"author":[{"embeddable":true,"href":"https:\/\/diarioregionaldigital.com.br\/index.php?rest_route=\/wp\/v2\/users\/246"}],"replies":[{"embeddable":true,"href":"https:\/\/diarioregionaldigital.com.br\/index.php?rest_route=%2Fwp%2Fv2%2Fcomments&post=183208"}],"version-history":[{"count":2,"href":"https:\/\/diarioregionaldigital.com.br\/index.php?rest_route=\/wp\/v2\/posts\/183208\/revisions"}],"predecessor-version":[{"id":183211,"href":"https:\/\/diarioregionaldigital.com.br\/index.php?rest_route=\/wp\/v2\/posts\/183208\/revisions\/183211"}],"wp:featuredmedia":[{"embeddable":true,"href":"https:\/\/diarioregionaldigital.com.br\/index.php?rest_route=\/wp\/v2\/media\/183209"}],"wp:attachment":[{"href":"https:\/\/diarioregionaldigital.com.br\/index.php?rest_route=%2Fwp%2Fv2%2Fmedia&parent=183208"}],"wp:term":[{"taxonomy":"category","embeddable":true,"href":"https:\/\/diarioregionaldigital.com.br\/index.php?rest_route=%2Fwp%2Fv2%2Fcategories&post=183208"},{"taxonomy":"post_tag","embeddable":true,"href":"https:\/\/diarioregionaldigital.com.br\/index.php?rest_route=%2Fwp%2Fv2%2Ftags&post=183208"}],"curies":[{"name":"wp","href":"https:\/\/api.w.org\/{rel}","templated":true}]}}