{"id":183205,"date":"2021-05-28T19:01:23","date_gmt":"2021-05-28T22:01:23","guid":{"rendered":"https:\/\/diarioregionaldigital.com.br\/?p=183205"},"modified":"2021-05-28T19:02:11","modified_gmt":"2021-05-28T22:02:11","slug":"sera-suspensa-vacinacao-contra-a-covid-19-neste-sabado-29-pjf-aguarda-a-chegada-de-novas-remessas","status":"publish","type":"post","link":"https:\/\/diarioregionaldigital.com.br\/?p=183205","title":{"rendered":"Ser\u00e1 suspensa vacina\u00e7\u00e3o contra a Covid-19, neste s\u00e1bado, 29; PJF aguarda a chegada de novas remessas"},"content":{"rendered":"<p>N\u00e3o haver\u00e1 campanha de vacina\u00e7\u00e3o em Juiz de Fora contra a Covid-19. neste s\u00e1bado, dia 29. Foi encerrada mais uma fase da campanha: a vacina\u00e7\u00e3o das pessoas com comorbidades e defici\u00eancia permanente, nesta sexta-feira, 27. Ao longo da semana, o grupo formado por pessoas entre 18 e 40 anos recebeu a primeira dose da vacina contra a Covid-19.<\/p>\n<p>Segundo informa\u00e7\u00f5es do site da Prefeitura de Juiz de Fora, a Secretaria de Sa\u00fade da Prefeitura de Juiz de Fora (PJF) aguarda a chegada de novas remessas de vacinas para dar sequ\u00eancia \u00e0 aplica\u00e7\u00e3o de primeiras doses em novos grupos. Al\u00e9m disso, quem perdeu o seu dia de imuniza\u00e7\u00e3o, de acordo com a idade, ter\u00e1 a oportunidade de receber a primeira dose do imunizante em data a ser informada em tempo oportuno. Neste momento, o foco ser\u00e1 garantir a segunda dose para as pessoas que receberam a primeira e voltam para completar a imuniza\u00e7\u00e3o.<\/p>\n","protected":false},"excerpt":{"rendered":"<p>N\u00e3o haver\u00e1 campanha de vacina\u00e7\u00e3o em Juiz de Fora contra a Covid-19. neste s\u00e1bado, dia 29. Foi encerrada mais uma fase da campanha: a vacina\u00e7\u00e3o das pessoas com comorbidades e defici\u00eancia permanente, nesta sexta-feira, 27. Ao longo da semana, o grupo formado por pessoas entre 18 e 40 anos recebeu a primeira dose da vacina [&hellip;]<\/p>\n","protected":false},"author":246,"featured_media":183206,"comment_status":"closed","ping_status":"closed","sticky":false,"template":"","format":"standard","meta":{"footnotes":""},"categories":[253,436,440,439],"tags":[],"class_list":["post-183205","post","type-post","status-publish","format-standard","has-post-thumbnail","hentry","category-cidade","category-destaque-da-semana","category-destaques-do-dia","category-ultima-hora"],"_links":{"self":[{"href":"https:\/\/diarioregionaldigital.com.br\/index.php?rest_route=\/wp\/v2\/posts\/183205","targetHints":{"allow":["GET"]}}],"collection":[{"href":"https:\/\/diarioregionaldigital.com.br\/index.php?rest_route=\/wp\/v2\/posts"}],"about":[{"href":"https:\/\/diarioregionaldigital.com.br\/index.php?rest_route=\/wp\/v2\/types\/post"}],"author":[{"embeddable":true,"href":"https:\/\/diarioregionaldigital.com.br\/index.php?rest_route=\/wp\/v2\/users\/246"}],"replies":[{"embeddable":true,"href":"https:\/\/diarioregionaldigital.com.br\/index.php?rest_route=%2Fwp%2Fv2%2Fcomments&post=183205"}],"version-history":[{"count":1,"href":"https:\/\/diarioregionaldigital.com.br\/index.php?rest_route=\/wp\/v2\/posts\/183205\/revisions"}],"predecessor-version":[{"id":183207,"href":"https:\/\/diarioregionaldigital.com.br\/index.php?rest_route=\/wp\/v2\/posts\/183205\/revisions\/183207"}],"wp:featuredmedia":[{"embeddable":true,"href":"https:\/\/diarioregionaldigital.com.br\/index.php?rest_route=\/wp\/v2\/media\/183206"}],"wp:attachment":[{"href":"https:\/\/diarioregionaldigital.com.br\/index.php?rest_route=%2Fwp%2Fv2%2Fmedia&parent=183205"}],"wp:term":[{"taxonomy":"category","embeddable":true,"href":"https:\/\/diarioregionaldigital.com.br\/index.php?rest_route=%2Fwp%2Fv2%2Fcategories&post=183205"},{"taxonomy":"post_tag","embeddable":true,"href":"https:\/\/diarioregionaldigital.com.br\/index.php?rest_route=%2Fwp%2Fv2%2Ftags&post=183205"}],"curies":[{"name":"wp","href":"https:\/\/api.w.org\/{rel}","templated":true}]}}