{"id":183202,"date":"2021-05-28T18:56:59","date_gmt":"2021-05-28T21:56:59","guid":{"rendered":"https:\/\/diarioregionaldigital.com.br\/?p=183202"},"modified":"2021-05-28T18:56:59","modified_gmt":"2021-05-28T21:56:59","slug":"validacao-de-sindicatos-sobre-proposta-de-recomposicao-salarial-e-recebida-pela-pjf","status":"publish","type":"post","link":"https:\/\/diarioregionaldigital.com.br\/?p=183202","title":{"rendered":"Valida\u00e7\u00e3o de sindicatos sobre proposta de recomposi\u00e7\u00e3o salarial \u00e9 recebida pela PJF"},"content":{"rendered":"<p>Na manh\u00e3 desta sexta-feira, 28, o\u00a0Secret\u00e1rio de Recursos Humanos da Prefeitura de Juiz de Fora (PJF), Rog\u00e9rio de Freitas recebeu, na diretoria do Sindicato dos Servidores P\u00fablicos (Sinserpu), que protocolou o of\u00edcio informando o aceite da categoria sobre a proposta de recomposi\u00e7\u00e3o salarial apresentada pela Administra\u00e7\u00e3o na \u00faltima quarta-feira, 26. O Sindicato dos Odontologistas tamb\u00e9m j\u00e1 sinalizou a aprova\u00e7\u00e3o da categoria.<\/p>\n<p>Segundo informa\u00e7\u00f5es do site da Prefeitura de Juiz de Fora, o titular da SRH, \u201ca revis\u00e3o geral anual \u00e9 um momento importante para o funcionalismo e, desta forma, agradecemos \u00e0s entidades sindicais pela celeridade na tomada de decis\u00e3o, sabendo que a proposta \u00e9 amplamente positiva para todos os servidores, uma vez que estamos garantindo a retroatividade \u00e0 data-base\u201d. A PJF aguarda, agora, o retorno dos demais sindicatos representativos para posterior envio do projeto de lei com a recomposi\u00e7\u00e3o para aprecia\u00e7\u00e3o pela C\u00e2mara Municipal.<\/p>\n<p><b>Entenda a proposta<\/b><\/p>\n<p>O Munic\u00edpio prop\u00f4s a aplica\u00e7\u00e3o do \u00cdndice de Pre\u00e7os ao Consumidor Amplo (IPCA) de 4,51%, infla\u00e7\u00e3o apurada entre janeiro e dezembro de 2020, a partir do pagamento de junho, que \u00e9 pago at\u00e9 o quinto dia \u00fatil de julho. A Administra\u00e7\u00e3o tamb\u00e9m garantiu a retroatividade em fun\u00e7\u00e3o da data-base, de 1\u00ba de janeiro de 2021. Dessa forma, os valores retroativos ser\u00e3o pagos a partir de agosto, sendo o reajuste referente a janeiro em agosto, o de fevereiro em setembro, at\u00e9 dezembro, quando ser\u00e1 paga a diferen\u00e7a do m\u00eas de maio.<\/p>\n","protected":false},"excerpt":{"rendered":"<p>Na manh\u00e3 desta sexta-feira, 28, o\u00a0Secret\u00e1rio de Recursos Humanos da Prefeitura de Juiz de Fora (PJF), Rog\u00e9rio de Freitas recebeu, na diretoria do Sindicato dos Servidores P\u00fablicos (Sinserpu), que protocolou o of\u00edcio informando o aceite da categoria sobre a proposta de recomposi\u00e7\u00e3o salarial apresentada pela Administra\u00e7\u00e3o na \u00faltima quarta-feira, 26. O Sindicato dos Odontologistas tamb\u00e9m [&hellip;]<\/p>\n","protected":false},"author":246,"featured_media":183203,"comment_status":"closed","ping_status":"closed","sticky":false,"template":"","format":"standard","meta":{"footnotes":""},"categories":[253,436,439],"tags":[],"class_list":["post-183202","post","type-post","status-publish","format-standard","has-post-thumbnail","hentry","category-cidade","category-destaque-da-semana","category-ultima-hora"],"_links":{"self":[{"href":"https:\/\/diarioregionaldigital.com.br\/index.php?rest_route=\/wp\/v2\/posts\/183202","targetHints":{"allow":["GET"]}}],"collection":[{"href":"https:\/\/diarioregionaldigital.com.br\/index.php?rest_route=\/wp\/v2\/posts"}],"about":[{"href":"https:\/\/diarioregionaldigital.com.br\/index.php?rest_route=\/wp\/v2\/types\/post"}],"author":[{"embeddable":true,"href":"https:\/\/diarioregionaldigital.com.br\/index.php?rest_route=\/wp\/v2\/users\/246"}],"replies":[{"embeddable":true,"href":"https:\/\/diarioregionaldigital.com.br\/index.php?rest_route=%2Fwp%2Fv2%2Fcomments&post=183202"}],"version-history":[{"count":1,"href":"https:\/\/diarioregionaldigital.com.br\/index.php?rest_route=\/wp\/v2\/posts\/183202\/revisions"}],"predecessor-version":[{"id":183204,"href":"https:\/\/diarioregionaldigital.com.br\/index.php?rest_route=\/wp\/v2\/posts\/183202\/revisions\/183204"}],"wp:featuredmedia":[{"embeddable":true,"href":"https:\/\/diarioregionaldigital.com.br\/index.php?rest_route=\/wp\/v2\/media\/183203"}],"wp:attachment":[{"href":"https:\/\/diarioregionaldigital.com.br\/index.php?rest_route=%2Fwp%2Fv2%2Fmedia&parent=183202"}],"wp:term":[{"taxonomy":"category","embeddable":true,"href":"https:\/\/diarioregionaldigital.com.br\/index.php?rest_route=%2Fwp%2Fv2%2Fcategories&post=183202"},{"taxonomy":"post_tag","embeddable":true,"href":"https:\/\/diarioregionaldigital.com.br\/index.php?rest_route=%2Fwp%2Fv2%2Ftags&post=183202"}],"curies":[{"name":"wp","href":"https:\/\/api.w.org\/{rel}","templated":true}]}}