{"id":183199,"date":"2021-05-28T18:50:23","date_gmt":"2021-05-28T21:50:23","guid":{"rendered":"https:\/\/diarioregionaldigital.com.br\/?p=183199"},"modified":"2021-05-28T18:50:23","modified_gmt":"2021-05-28T21:50:23","slug":"neste-domingo-acontece-a-feira-da-pechincha-na-avenida-brasil","status":"publish","type":"post","link":"https:\/\/diarioregionaldigital.com.br\/?p=183199","title":{"rendered":"Neste domingo acontece a Feira da Pechincha na Avenida Brasil"},"content":{"rendered":"<p>Neste domingo, 30, a \u201cFeira da Pechincha\u201d ser\u00e1 realizada na Avenida Brasil e nas ruas adjacentes. Os feirantes devem seguir os protocolos sanit\u00e1rios e reduzir o n\u00famero de barracas. Os feirantes da \u201cFeira da Pechincha\u201d ocupar\u00e3o a Avenida Brasil, na margem direita do Rio Paraibuna, e as ruas Farmac\u00eautico Vespasiano Pinto Vieira; Padre J\u00falio Maria; Leopoldo Schimidt; Howyan; e Jos\u00e9 Calil Ahouagi.<\/p>\n<p>Neste domingo, 30, tamb\u00e9m\u00a0<a href=\"https:\/\/www.pjf.mg.gov.br\/noticias\/view.php?modo=link2&amp;idnoticia2=71042\"><b>ser\u00e1 realizada a Feira Livre da Avenida Brasil.<\/b><\/a><\/p>\n<p><b>Tr\u00e2nsito no local<\/b><\/p>\n<p>Segundo informa\u00e7\u00f5es do site da Prefeitura de Juiz de Fora, para a realiza\u00e7\u00e3o da feira, a Avenida Brasil ser\u00e1 interditada no domingo na margem direita entre a ponte Wilson Coury Jabour J\u00fanior e a entrada do pr\u00e9dio da Prefeitura, e na margem esquerda entre a Rua professor Joaquim Henrique Vianna e a ponte Wilson Coury Jabour J\u00fanior.<\/p>\n<p>Os motoristas que seguirem no sentido Centro-Zona Norte ter\u00e3o a rota desviada para a Avenida Sete de Setembro, enquanto os ve\u00edculos que estiverem no sentido Centro-Po\u00e7o Rico dever\u00e3o passar pela Rua Benjamin Constant, pela Avenida Get\u00falio Vargas e pelo Viaduto Augusto Franco. Tamb\u00e9m haver\u00e1 interdi\u00e7\u00e3o das Ruas Farmac\u00eautico Vespasiano Pinto Vieira; Padre J\u00falio Maria; Leopoldo Schimidt; Howyan; e Jos\u00e9 Calil Ahouagi.<\/p>\n<p>A Secretaria de Mobilidade Urbana (SMU) orienta para que motoristas optem pelo deslocamento atrav\u00e9s de vias como a Avenida Rio Branco no domingo, a fim de evitar surpresas com congestionamento. Quem for \u00e0 feira de carro, \u00e9 orientado a estacionar mais distante da regi\u00e3o e concluir o trajeto a p\u00e9.<\/p>\n","protected":false},"excerpt":{"rendered":"<p>Neste domingo, 30, a \u201cFeira da Pechincha\u201d ser\u00e1 realizada na Avenida Brasil e nas ruas adjacentes. Os feirantes devem seguir os protocolos sanit\u00e1rios e reduzir o n\u00famero de barracas. Os feirantes da \u201cFeira da Pechincha\u201d ocupar\u00e3o a Avenida Brasil, na margem direita do Rio Paraibuna, e as ruas Farmac\u00eautico Vespasiano Pinto Vieira; Padre J\u00falio Maria; [&hellip;]<\/p>\n","protected":false},"author":246,"featured_media":183200,"comment_status":"closed","ping_status":"closed","sticky":false,"template":"","format":"standard","meta":{"footnotes":""},"categories":[253,436,439],"tags":[],"class_list":["post-183199","post","type-post","status-publish","format-standard","has-post-thumbnail","hentry","category-cidade","category-destaque-da-semana","category-ultima-hora"],"_links":{"self":[{"href":"https:\/\/diarioregionaldigital.com.br\/index.php?rest_route=\/wp\/v2\/posts\/183199","targetHints":{"allow":["GET"]}}],"collection":[{"href":"https:\/\/diarioregionaldigital.com.br\/index.php?rest_route=\/wp\/v2\/posts"}],"about":[{"href":"https:\/\/diarioregionaldigital.com.br\/index.php?rest_route=\/wp\/v2\/types\/post"}],"author":[{"embeddable":true,"href":"https:\/\/diarioregionaldigital.com.br\/index.php?rest_route=\/wp\/v2\/users\/246"}],"replies":[{"embeddable":true,"href":"https:\/\/diarioregionaldigital.com.br\/index.php?rest_route=%2Fwp%2Fv2%2Fcomments&post=183199"}],"version-history":[{"count":1,"href":"https:\/\/diarioregionaldigital.com.br\/index.php?rest_route=\/wp\/v2\/posts\/183199\/revisions"}],"predecessor-version":[{"id":183201,"href":"https:\/\/diarioregionaldigital.com.br\/index.php?rest_route=\/wp\/v2\/posts\/183199\/revisions\/183201"}],"wp:featuredmedia":[{"embeddable":true,"href":"https:\/\/diarioregionaldigital.com.br\/index.php?rest_route=\/wp\/v2\/media\/183200"}],"wp:attachment":[{"href":"https:\/\/diarioregionaldigital.com.br\/index.php?rest_route=%2Fwp%2Fv2%2Fmedia&parent=183199"}],"wp:term":[{"taxonomy":"category","embeddable":true,"href":"https:\/\/diarioregionaldigital.com.br\/index.php?rest_route=%2Fwp%2Fv2%2Fcategories&post=183199"},{"taxonomy":"post_tag","embeddable":true,"href":"https:\/\/diarioregionaldigital.com.br\/index.php?rest_route=%2Fwp%2Fv2%2Ftags&post=183199"}],"curies":[{"name":"wp","href":"https:\/\/api.w.org\/{rel}","templated":true}]}}