{"id":183196,"date":"2021-05-28T18:46:34","date_gmt":"2021-05-28T21:46:34","guid":{"rendered":"https:\/\/diarioregionaldigital.com.br\/?p=183196"},"modified":"2021-05-28T18:46:34","modified_gmt":"2021-05-28T21:46:34","slug":"veja-como-fica-o-calendario-de-vacinacao-contra-covid-19-da-proxima-semana","status":"publish","type":"post","link":"https:\/\/diarioregionaldigital.com.br\/?p=183196","title":{"rendered":"Veja como fica o calend\u00e1rio de vacina\u00e7\u00e3o contra Covid-19 da pr\u00f3xima semana"},"content":{"rendered":"<p>A Secretaria de Sa\u00fade (SS) da Prefeitura de Juiz de Fora (PJF) d\u00e1 continuidade \u00e0 vacina\u00e7\u00e3o contra o coronav\u00edrus na pr\u00f3xima semana. A imuniza\u00e7\u00e3o acontece para gr\u00e1vidas e pu\u00e9rperas com comorbidades acima de 18 anos e apenas aplica\u00e7\u00e3o de segunda dose. Para quem perdeu a vacina\u00e7\u00e3o nesta semana, \u00e9 necess\u00e1rio esperar um novo calend\u00e1rio. Ainda n\u00e3o h\u00e1 previs\u00e3o das novas datas.<\/p>\n<p>Segundo informa\u00e7\u00f5es do site da Prefeitura de Juiz de Fora, o grupo poder\u00e1 se imunizar nas UBSs do bairro de Lourdes, Benfica, Centro Sul, Nossa Senhora Aparecida, Nossa Senhora das Gra\u00e7as, Santa Luzia, S\u00e3o Pedro e Vila Ideal, das 8h \u00e0s 11h, e no Sport Club Juiz de Fora, das 8h \u00e0s 16h.<\/p>\n<p><b>Fique atento<\/b><\/p>\n<p>As pessoas que se vacinaram contra a gripe e tem direito de se vacinar tamb\u00e9m contra a Covid-19 deve esperar pelo menos 14 dias entre o momento que recebeu a dose de um imunizante contra a influenza para poder ser vacinado contra a covid. Para quem foi diagnosticado com Covid-19, \u00e9 recomendado ao menos 30 dias de espera entre o come\u00e7o dos sintomas ou teste positivo (no caso dos assintom\u00e1ticos) para receber qualquer uma das vacinas.<\/p>\n<p><b>Vacina\u00e7\u00e3o Covid-19 na pr\u00f3xima semana<\/b><\/p>\n<p>*Gr\u00e1vidas e pu\u00e9rperas com comorbidades, de qualquer idade acima de 18 anos &#8211; Sport Club Juiz de Fora &#8211; das 8h \u00e0s 16h.<br \/>\n*Pessoas que devem tomar a segunda dose do imunizante &#8211; UBS e Sport Club<\/p>\n<p>*UBSs que far\u00e3o a vacina\u00e7\u00e3o Covid-19 na pr\u00f3xima semana:<\/p>\n<p>1) UBS Benfica,<br \/>\n2) UBS S\u00e3o Pedro,<br \/>\n3) UBS Santa Luzia<br \/>\n4) UBS Vila Ideal,<br \/>\n5) UBS Bairro de Lourdes,<br \/>\n6) UBS Nossa Senhora das Gra\u00e7as<br \/>\n7) UBS Nossa Senhora Aparecida<br \/>\n8) UBS Centro Sul<\/p>\n<p><b>Confira os Endere\u00e7os:<\/b><\/p>\n<p>*Sport Club Juiz de Fora<br \/>\nAvenida Bar\u00e3o do Rio Branco, 1.303, centro<\/p>\n<p>*UBS Bairro de Lourdes, Rua In\u00e1cio Gama, 813;<br \/>\n*UBS Benfica, Rua Guararapes, 106;<br \/>\n*UBS Centro Sul, Avenida Rio Branco, 3.132;<br \/>\n*UBS Nossa Senhora Aparecida, Rua Nossa Senhora Aparecida, 775;<br \/>\n*UBS Nossa Senhora das Gra\u00e7as, Rua Queluz, 72;<br \/>\n*UBS Santa Luzia, Rua Torre\u00f5es, s\/n\u00ba;<br \/>\n*UBS S\u00e3o Pedro, Rua Jo\u00e3o Louren\u00e7o Kelmer, 1.433;<br \/>\n*UBS Vila Ideal, Avenida Francisco Valadares, 1.910<\/p>\n","protected":false},"excerpt":{"rendered":"<p>A Secretaria de Sa\u00fade (SS) da Prefeitura de Juiz de Fora (PJF) d\u00e1 continuidade \u00e0 vacina\u00e7\u00e3o contra o coronav\u00edrus na pr\u00f3xima semana. A imuniza\u00e7\u00e3o acontece para gr\u00e1vidas e pu\u00e9rperas com comorbidades acima de 18 anos e apenas aplica\u00e7\u00e3o de segunda dose. Para quem perdeu a vacina\u00e7\u00e3o nesta semana, \u00e9 necess\u00e1rio esperar um novo calend\u00e1rio. Ainda [&hellip;]<\/p>\n","protected":false},"author":246,"featured_media":183197,"comment_status":"closed","ping_status":"closed","sticky":false,"template":"","format":"standard","meta":{"footnotes":""},"categories":[253,440,439],"tags":[],"class_list":["post-183196","post","type-post","status-publish","format-standard","has-post-thumbnail","hentry","category-cidade","category-destaques-do-dia","category-ultima-hora"],"_links":{"self":[{"href":"https:\/\/diarioregionaldigital.com.br\/index.php?rest_route=\/wp\/v2\/posts\/183196","targetHints":{"allow":["GET"]}}],"collection":[{"href":"https:\/\/diarioregionaldigital.com.br\/index.php?rest_route=\/wp\/v2\/posts"}],"about":[{"href":"https:\/\/diarioregionaldigital.com.br\/index.php?rest_route=\/wp\/v2\/types\/post"}],"author":[{"embeddable":true,"href":"https:\/\/diarioregionaldigital.com.br\/index.php?rest_route=\/wp\/v2\/users\/246"}],"replies":[{"embeddable":true,"href":"https:\/\/diarioregionaldigital.com.br\/index.php?rest_route=%2Fwp%2Fv2%2Fcomments&post=183196"}],"version-history":[{"count":1,"href":"https:\/\/diarioregionaldigital.com.br\/index.php?rest_route=\/wp\/v2\/posts\/183196\/revisions"}],"predecessor-version":[{"id":183198,"href":"https:\/\/diarioregionaldigital.com.br\/index.php?rest_route=\/wp\/v2\/posts\/183196\/revisions\/183198"}],"wp:featuredmedia":[{"embeddable":true,"href":"https:\/\/diarioregionaldigital.com.br\/index.php?rest_route=\/wp\/v2\/media\/183197"}],"wp:attachment":[{"href":"https:\/\/diarioregionaldigital.com.br\/index.php?rest_route=%2Fwp%2Fv2%2Fmedia&parent=183196"}],"wp:term":[{"taxonomy":"category","embeddable":true,"href":"https:\/\/diarioregionaldigital.com.br\/index.php?rest_route=%2Fwp%2Fv2%2Fcategories&post=183196"},{"taxonomy":"post_tag","embeddable":true,"href":"https:\/\/diarioregionaldigital.com.br\/index.php?rest_route=%2Fwp%2Fv2%2Ftags&post=183196"}],"curies":[{"name":"wp","href":"https:\/\/api.w.org\/{rel}","templated":true}]}}