{"id":183189,"date":"2021-05-28T18:29:50","date_gmt":"2021-05-28T21:29:50","guid":{"rendered":"https:\/\/diarioregionaldigital.com.br\/?p=183189"},"modified":"2021-05-28T18:29:50","modified_gmt":"2021-05-28T21:29:50","slug":"basquete-3x3-brasil-vence-mongolia-e-segue-em-busca-da-vaga-olimpica","status":"publish","type":"post","link":"https:\/\/diarioregionaldigital.com.br\/?p=183189","title":{"rendered":"Basquete 3&#215;3: Brasil vence Mong\u00f3lia e segue em busca da vaga ol\u00edmpica"},"content":{"rendered":"<p>Nesta\u00a0sexta-feira (28), no Pr\u00e9-Ol\u00edmpico de Basquete 3&#215;3, em Graz, na \u00c1ustria, o Brasil conseguiu se classificar para a pr\u00f3xima fase do torneio. Apesar de\u00a0ter\u00a0perdido o primeiro jogo do dia, contra a Pol\u00f4nia por 13 a 12, a equipe comandada pelo t\u00e9cnico Douglas Lorite passou pela Mong\u00f3lia por 18 a 10.<img decoding=\"async\" src=\"https:\/\/agenciabrasil.ebc.com.br\/ebc.png?id=1411075&amp;o=node\" \/><img decoding=\"async\" src=\"https:\/\/agenciabrasil.ebc.com.br\/ebc.gif?id=1411075&amp;o=node\" \/><\/p>\n<p>Contra os europeus, o quarteto brasileiro, formado por Jonatas Mello, Andr\u00e9 Ferros, Jefferson Socas e Fabr\u00edcio Ver\u00edssimo, dominou a partida e chegou a abrir tr\u00eas pontos de vantagem. Mas, nos segundos finais, o craque polon\u00eas Michael Hicks apareceu e decidiu o jogo com uma cesta de longe, que valeu dois pontos, e uma bandeja no final da partida para fechar o placar em 13 a 12.<\/p>\n<p>Na \u00faltima partida da fase classificat\u00f3ria, contra a Mong\u00f3lia, o cestinha verde e amarelo foi Fabr\u00edcio Ver\u00edssimo, com seis pontos. Andr\u00e9 Ferros fez cinco e Jonatas Mello converteu quatro. Dessa forma, o Brasil conseguiu uma boa vit\u00f3ria por 18 a 10.<\/p>\n<p>Na\u00a0quarta-feira (26), a sele\u00e7\u00e3o brasileira j\u00e1 havia vencido a Tuquia por 21 a 6 e a Rep\u00fablica Tcheca por 21 a 14. Com esses resultados, a equipe est\u00e1 nas quartas de final. Nessa fase, o Brasil pega a Fran\u00e7a no\u00a0domingo (30) \u00e0s 11h45 (hor\u00e1rio de Bras\u00edlia). O\u00a0<a href=\"https:\/\/www.canalolimpicodobrasil.com.br\/\" target=\"_blank\" rel=\"noopener\">Canal Ol\u00edmpico do Brasil<\/a>\u00a0transmite a partida ao vivo. O Pr\u00e9-Ol\u00edmpico dar\u00e1 vaga nos Jogos de T\u00f3quio para os tr\u00eas primeiros colocados da competi\u00e7\u00e3o.<\/p>\n<p><span style=\"font-weight: 400;\">Fonte: Ag\u00eancia Brasil <\/span><\/p>\n","protected":false},"excerpt":{"rendered":"<p>Nesta\u00a0sexta-feira (28), no Pr\u00e9-Ol\u00edmpico de Basquete 3&#215;3, em Graz, na \u00c1ustria, o Brasil conseguiu se classificar para a pr\u00f3xima fase do torneio. Apesar de\u00a0ter\u00a0perdido o primeiro jogo do dia, contra a Pol\u00f4nia por 13 a 12, a equipe comandada pelo t\u00e9cnico Douglas Lorite passou pela Mong\u00f3lia por 18 a 10. Contra os europeus, o quarteto [&hellip;]<\/p>\n","protected":false},"author":246,"featured_media":183190,"comment_status":"closed","ping_status":"closed","sticky":false,"template":"","format":"standard","meta":{"footnotes":""},"categories":[436,257,439],"tags":[],"class_list":["post-183189","post","type-post","status-publish","format-standard","has-post-thumbnail","hentry","category-destaque-da-semana","category-esporte","category-ultima-hora"],"_links":{"self":[{"href":"https:\/\/diarioregionaldigital.com.br\/index.php?rest_route=\/wp\/v2\/posts\/183189","targetHints":{"allow":["GET"]}}],"collection":[{"href":"https:\/\/diarioregionaldigital.com.br\/index.php?rest_route=\/wp\/v2\/posts"}],"about":[{"href":"https:\/\/diarioregionaldigital.com.br\/index.php?rest_route=\/wp\/v2\/types\/post"}],"author":[{"embeddable":true,"href":"https:\/\/diarioregionaldigital.com.br\/index.php?rest_route=\/wp\/v2\/users\/246"}],"replies":[{"embeddable":true,"href":"https:\/\/diarioregionaldigital.com.br\/index.php?rest_route=%2Fwp%2Fv2%2Fcomments&post=183189"}],"version-history":[{"count":1,"href":"https:\/\/diarioregionaldigital.com.br\/index.php?rest_route=\/wp\/v2\/posts\/183189\/revisions"}],"predecessor-version":[{"id":183191,"href":"https:\/\/diarioregionaldigital.com.br\/index.php?rest_route=\/wp\/v2\/posts\/183189\/revisions\/183191"}],"wp:featuredmedia":[{"embeddable":true,"href":"https:\/\/diarioregionaldigital.com.br\/index.php?rest_route=\/wp\/v2\/media\/183190"}],"wp:attachment":[{"href":"https:\/\/diarioregionaldigital.com.br\/index.php?rest_route=%2Fwp%2Fv2%2Fmedia&parent=183189"}],"wp:term":[{"taxonomy":"category","embeddable":true,"href":"https:\/\/diarioregionaldigital.com.br\/index.php?rest_route=%2Fwp%2Fv2%2Fcategories&post=183189"},{"taxonomy":"post_tag","embeddable":true,"href":"https:\/\/diarioregionaldigital.com.br\/index.php?rest_route=%2Fwp%2Fv2%2Ftags&post=183189"}],"curies":[{"name":"wp","href":"https:\/\/api.w.org\/{rel}","templated":true}]}}