{"id":183186,"date":"2021-05-28T18:27:03","date_gmt":"2021-05-28T21:27:03","guid":{"rendered":"https:\/\/diarioregionaldigital.com.br\/?p=183186"},"modified":"2021-05-28T18:27:03","modified_gmt":"2021-05-28T21:27:03","slug":"a-menos-de-dois-meses-de-toquio-alison-santos-quebra-novamente-o-recorde-sul-americano-dos-400m-com-barreiras","status":"publish","type":"post","link":"https:\/\/diarioregionaldigital.com.br\/?p=183186","title":{"rendered":"A menos de dois meses de T\u00f3quio, Alison Santos quebra novamente o recorde sul-americano dos 400m com barreiras"},"content":{"rendered":"<p>O paulista Alison Brendom Alves dos Santos (Pinheiros) quebrou novamente nesta sexta-feira (28.05) o recorde sul-americano dos 400m com barreiras durante a disputa da etapa de Doha da Liga Diamante, a segunda de 2021 do principal circuito de competi\u00e7\u00f5es da World Athletics, no Est\u00e1dio Internacional Khalifa, no Catar.<\/p>\n<p>O brasileiro terminou a prova com a medalha de prata, com 47s57. Com isso, superou a marca de 47s68, obtida em 9 de maio no Mt. Sac World Challenge, na Calif\u00f3rnia, nos Estados Unidos. Em Doha, o norte-americano Rai Benjamin, nascido em Antigua &amp; Barbuda, foi o campe\u00e3o, com 47s38. Kyron McMaster, das Ilhas Virgens Brit\u00e2nicas, com 47s82, ficou em terceiro lugar.<\/p>\n<p>O tempo de Alison no Qatar seria suficiente para conquistar a medalha de ouro na \u00faltima edi\u00e7\u00e3o dos Jogos Ol\u00edmpicos. Na Rio 2016, o campe\u00e3o foi o norte-americano Kerron Clement, com 47s73, seguido pelo queniano Boniface Tumuti, com 47s78, e pelo turco Yasmani Copello, 47s92.<\/p>\n<p>O barreirista brasileiro \u00e9 integrante da categoria P\u00f3dio, a principal do Bolsa Atleta, programa de patroc\u00ednio individual do Governo Federal Brasileiro, executado pela secretaria especial do Esporte do Minist\u00e9rio da Cidadania.<\/p>\n<p><strong>T\u00e1tica renovada<\/strong><\/p>\n<p>Alison, conhecido no atletismo brasileiro como Piu, saiu muito bem, mas foi ultrapassado na pen\u00faltima barreira pelo norte-americano, l\u00edder do Ranking Mundial da WA, com 47s13. \u201cA gente mudou um pouco a estrat\u00e9gia e ele passou a primeira parte da prova mais r\u00e1pido\u201d, disse o treinador Felipe de Siqueira. \u201cVamos ter algumas provas para melhorar o desempenho e ter a oportunidade de enfrentar os principais advers\u00e1rios da Olimp\u00edada na Europa\u201d, completou o treinador.<\/p>\n<p>Um dos grandes nomes do atletismo da Am\u00e9rica do Sul neste ano, o paulista de S\u00e3o Joaquim da Barra \u00e9 esperan\u00e7a de bom resultado nos Jogos Ol\u00edmpicos de T\u00f3quio. Com 20 anos \u2013 completa 21 no dia 3 de junho -, o campe\u00e3o dos Jogos Pan-Americanos de Lima e finalista do Mundial de Doha, ambas competi\u00e7\u00f5es realizadas em 2019, comemorou o resultado com seus advers\u00e1rios na pista.<\/p>\n<p>Alison iniciou a temporada como l\u00edder do Ranking Mundial, com a marca de 48s15, alcan\u00e7ada no Drake Relays, em Des Moines, nos Estados Unidos no dia 14 de abril. Em seguida, integrou a sele\u00e7\u00e3o que conquistou a medalha de prata no revezamento 4 x 400m misto no Mundial da Sil\u00e9sia, na Pol\u00f4nia. O desempenho de Alison foi fundamental para a conquista do vice-campeonato pelo Brasil.<\/p>\n<p>Considerado a maior revela\u00e7\u00e3o do atletismo brasileiro nos \u00faltimos anos, Alison participou do Camping Internacional de Treinamento e Competi\u00e7\u00e3o em Chula Vista, no condado de San Diego, dentro do Programa de Prepara\u00e7\u00e3o Ol\u00edmpica, numa parceria entre a Confedera\u00e7\u00e3o Brasileira de Atletismo (CBAt) e o Comit\u00ea Ol\u00edmpico do Brasil (COB).<\/p>\n<p>Fonte: Confedera\u00e7\u00e3o Brasileira de Atletismo<\/p>\n<p>&nbsp;<\/p>\n","protected":false},"excerpt":{"rendered":"<p>O paulista Alison Brendom Alves dos Santos (Pinheiros) quebrou novamente nesta sexta-feira (28.05) o recorde sul-americano dos 400m com barreiras durante a disputa da etapa de Doha da Liga Diamante, a segunda de 2021 do principal circuito de competi\u00e7\u00f5es da World Athletics, no Est\u00e1dio Internacional Khalifa, no Catar. O brasileiro terminou a prova com a [&hellip;]<\/p>\n","protected":false},"author":246,"featured_media":183187,"comment_status":"closed","ping_status":"closed","sticky":false,"template":"","format":"standard","meta":{"footnotes":""},"categories":[436,257,439],"tags":[],"class_list":["post-183186","post","type-post","status-publish","format-standard","has-post-thumbnail","hentry","category-destaque-da-semana","category-esporte","category-ultima-hora"],"_links":{"self":[{"href":"https:\/\/diarioregionaldigital.com.br\/index.php?rest_route=\/wp\/v2\/posts\/183186","targetHints":{"allow":["GET"]}}],"collection":[{"href":"https:\/\/diarioregionaldigital.com.br\/index.php?rest_route=\/wp\/v2\/posts"}],"about":[{"href":"https:\/\/diarioregionaldigital.com.br\/index.php?rest_route=\/wp\/v2\/types\/post"}],"author":[{"embeddable":true,"href":"https:\/\/diarioregionaldigital.com.br\/index.php?rest_route=\/wp\/v2\/users\/246"}],"replies":[{"embeddable":true,"href":"https:\/\/diarioregionaldigital.com.br\/index.php?rest_route=%2Fwp%2Fv2%2Fcomments&post=183186"}],"version-history":[{"count":1,"href":"https:\/\/diarioregionaldigital.com.br\/index.php?rest_route=\/wp\/v2\/posts\/183186\/revisions"}],"predecessor-version":[{"id":183188,"href":"https:\/\/diarioregionaldigital.com.br\/index.php?rest_route=\/wp\/v2\/posts\/183186\/revisions\/183188"}],"wp:featuredmedia":[{"embeddable":true,"href":"https:\/\/diarioregionaldigital.com.br\/index.php?rest_route=\/wp\/v2\/media\/183187"}],"wp:attachment":[{"href":"https:\/\/diarioregionaldigital.com.br\/index.php?rest_route=%2Fwp%2Fv2%2Fmedia&parent=183186"}],"wp:term":[{"taxonomy":"category","embeddable":true,"href":"https:\/\/diarioregionaldigital.com.br\/index.php?rest_route=%2Fwp%2Fv2%2Fcategories&post=183186"},{"taxonomy":"post_tag","embeddable":true,"href":"https:\/\/diarioregionaldigital.com.br\/index.php?rest_route=%2Fwp%2Fv2%2Ftags&post=183186"}],"curies":[{"name":"wp","href":"https:\/\/api.w.org\/{rel}","templated":true}]}}