{"id":183183,"date":"2021-05-28T18:24:30","date_gmt":"2021-05-28T21:24:30","guid":{"rendered":"https:\/\/diarioregionaldigital.com.br\/?p=183183"},"modified":"2021-05-28T18:24:30","modified_gmt":"2021-05-28T21:24:30","slug":"japao-prorroga-estado-de-emergencia-contra-covid-19-antes-da-olimpiada","status":"publish","type":"post","link":"https:\/\/diarioregionaldigital.com.br\/?p=183183","title":{"rendered":"Jap\u00e3o prorroga estado de emerg\u00eancia contra covid-19 antes da Olimp\u00edada"},"content":{"rendered":"<p>O Jap\u00e3o prorrogou nesta sexta-feira (28) um estado de emerg\u00eancia em T\u00f3quio e outras \u00e1reas em cerca de tr\u00eas semanas, uma vez que a pandemia de covid-19 n\u00e3o d\u00e1 sinais de perder for\u00e7a a menos de dois meses do in\u00edcio da Olimp\u00edada no pa\u00eds.<\/p>\n<p>O estado de emerg\u00eancia na capital e em outros oito munic\u00edpios est\u00e1 programado para terminar em 31 de maio, mas as press\u00f5es sobre o sistema m\u00e9dico continuam intensas.<\/p>\n<p>O Jap\u00e3o registrou um n\u00famero recorde de pacientes de covid-19 em estado cr\u00edtico nos \u00faltimos dias, apesar de a quantidade de infec\u00e7\u00f5es novas desacelerar.<\/p>\n<p>&#8220;Em Osaka e T\u00f3quio, o fluxo de pessoas est\u00e1 come\u00e7ando a subir, e h\u00e1 temores de que as infec\u00e7\u00f5es aumentar\u00e3o&#8221;, disse o ministro da Economia, Yasutoshi Nishimura, tamb\u00e9m a cargo das medidas de seguran\u00e7a contra o novo coronav\u00edrus do pa\u00eds, no come\u00e7o de uma reuni\u00e3o com especialistas.<\/p>\n<p>Mais tarde, os especialistas aprovaram a proposta do governo, e o primeiro-ministro japon\u00eas, Yoshihide Suga, anunciou oficialmente as prorroga\u00e7\u00f5es.<\/p>\n<p>Preocupa\u00e7\u00f5es com variantes do novo coronav\u00edrus e uma campanha de vacina\u00e7\u00e3o lenta provocam clamores urgentes de m\u00e9dicos, alguns executivos proeminentes e centenas de milhares de cidad\u00e3os pelo cancelamento dos Jogos Ol\u00edmpicos, programados para come\u00e7ar no dia 23 de julho.<\/p>\n<p>Autoridades japonesas, organizadores da Olimp\u00edada e o Comit\u00ea Ol\u00edmpico Internacional (COI) dizem que os Jogos acontecer\u00e3o sob medidas r\u00edgidas de preven\u00e7\u00e3o do v\u00edrus.<\/p>\n<p>John Coates, autoridade graduada do COI que supervisiona os preparativos dos Jogos de T\u00f3quio, disse na semana passada que a Olimpi\u00e1da ocorrer\u00e1 mesmo que a cidade-sede esteja sob estado de emerg\u00eancia.<\/p>\n<p>Seiko Hashimoto, presidente do Comit\u00ea Organizador da T\u00f3quio 2020, disse em uma coletiva de imprensa que recebeu promessas da \u00cdndia &#8211;hoje combatendo uma segunda onda mortal de Covid-19&#8211; e de cinco outros pa\u00edses de vacinar todos aqueles que ser\u00e3o enviados aos Jogos Ol\u00edmpicos como medida contra uma nova variante surgida na \u00cdndia.<\/p>\n<p>O presidente do COI, Thomas Bach, disse que 80% dos 10.500 atletas esperados no Jap\u00e3o ser\u00e3o vacinados, e nesta quinta-feira (27) pediu aos atletas ol\u00edmpicos que se imunizem se puderem. Todos tamb\u00e9m precisam ser testados antes e depois da chegada.<\/p>\n<p>Contrastando com a\u00e7\u00f5es m\u00e3os rigorosas de muitos pa\u00edses, as medidas emergenciais mais recentes do Jap\u00e3o se concentram essencialmente em pedir que locais de alimenta\u00e7\u00e3o que servem \u00e1lcool fechem e que os que n\u00e3o servem abaixem as portas at\u00e9 as 20h.<span style=\"font-weight: 400;\"><br \/>\n<\/span><span style=\"font-weight: 400;\"><br \/>\n<\/span><span style=\"font-weight: 400;\">Fonte: Ag\u00eancia Brasil<\/span><\/p>\n","protected":false},"excerpt":{"rendered":"<p>O Jap\u00e3o prorrogou nesta sexta-feira (28) um estado de emerg\u00eancia em T\u00f3quio e outras \u00e1reas em cerca de tr\u00eas semanas, uma vez que a pandemia de covid-19 n\u00e3o d\u00e1 sinais de perder for\u00e7a a menos de dois meses do in\u00edcio da Olimp\u00edada no pa\u00eds. O estado de emerg\u00eancia na capital e em outros oito munic\u00edpios [&hellip;]<\/p>\n","protected":false},"author":246,"featured_media":183184,"comment_status":"closed","ping_status":"closed","sticky":false,"template":"","format":"standard","meta":{"footnotes":""},"categories":[436,257,439],"tags":[],"class_list":["post-183183","post","type-post","status-publish","format-standard","has-post-thumbnail","hentry","category-destaque-da-semana","category-esporte","category-ultima-hora"],"_links":{"self":[{"href":"https:\/\/diarioregionaldigital.com.br\/index.php?rest_route=\/wp\/v2\/posts\/183183","targetHints":{"allow":["GET"]}}],"collection":[{"href":"https:\/\/diarioregionaldigital.com.br\/index.php?rest_route=\/wp\/v2\/posts"}],"about":[{"href":"https:\/\/diarioregionaldigital.com.br\/index.php?rest_route=\/wp\/v2\/types\/post"}],"author":[{"embeddable":true,"href":"https:\/\/diarioregionaldigital.com.br\/index.php?rest_route=\/wp\/v2\/users\/246"}],"replies":[{"embeddable":true,"href":"https:\/\/diarioregionaldigital.com.br\/index.php?rest_route=%2Fwp%2Fv2%2Fcomments&post=183183"}],"version-history":[{"count":1,"href":"https:\/\/diarioregionaldigital.com.br\/index.php?rest_route=\/wp\/v2\/posts\/183183\/revisions"}],"predecessor-version":[{"id":183185,"href":"https:\/\/diarioregionaldigital.com.br\/index.php?rest_route=\/wp\/v2\/posts\/183183\/revisions\/183185"}],"wp:featuredmedia":[{"embeddable":true,"href":"https:\/\/diarioregionaldigital.com.br\/index.php?rest_route=\/wp\/v2\/media\/183184"}],"wp:attachment":[{"href":"https:\/\/diarioregionaldigital.com.br\/index.php?rest_route=%2Fwp%2Fv2%2Fmedia&parent=183183"}],"wp:term":[{"taxonomy":"category","embeddable":true,"href":"https:\/\/diarioregionaldigital.com.br\/index.php?rest_route=%2Fwp%2Fv2%2Fcategories&post=183183"},{"taxonomy":"post_tag","embeddable":true,"href":"https:\/\/diarioregionaldigital.com.br\/index.php?rest_route=%2Fwp%2Fv2%2Ftags&post=183183"}],"curies":[{"name":"wp","href":"https:\/\/api.w.org\/{rel}","templated":true}]}}