{"id":183180,"date":"2021-05-28T18:20:29","date_gmt":"2021-05-28T21:20:29","guid":{"rendered":"https:\/\/diarioregionaldigital.com.br\/?p=183180"},"modified":"2021-05-28T18:20:29","modified_gmt":"2021-05-28T21:20:29","slug":"governo-de-minas-orienta-vacinacao-em-novos-grupos-prioritarios-como-professores-e-trabalhadores-da-educacao","status":"publish","type":"post","link":"https:\/\/diarioregionaldigital.com.br\/?p=183180","title":{"rendered":"Governo de Minas orienta vacina\u00e7\u00e3o em novos grupos priorit\u00e1rios, como professores e trabalhadores da Educa\u00e7\u00e3o"},"content":{"rendered":"<p>O\u00a0<a href=\"http:\/\/www.mg.gov.br\/\" target=\"_blank\" rel=\"noopener\">Governo de Minas<\/a>\u00a0orientou os munic\u00edpios que j\u00e1 realizaram a vacina\u00e7\u00e3o dos grupos de pessoas com comorbidades \u2013 e que ainda possuem doses direcionas a este p\u00fablico sobrando em estoque \u2013 que avancem na imuniza\u00e7\u00e3o de outros grupos priorit\u00e1rios, como professores e trabalhadores da Educa\u00e7\u00e3o, trabalhadores portu\u00e1rios e de aeroportos, popula\u00e7\u00e3o em situa\u00e7\u00e3o de rua, entre outros, seguindo a ordem e os crit\u00e9rios do Plano Nacional de Imuniza\u00e7\u00e3o (PNI). A orienta\u00e7\u00e3o foi publicada nesta sexta-feira (28\/5) no\u00a0<a href=\"http:\/\/www.jornalminasgerais.mg.gov.br\/\" target=\"_blank\" rel=\"noopener\">Di\u00e1rio Oficial do Estado<\/a>.<\/p>\n<p>O secret\u00e1rio de Estado de\u00a0<a title=\"Secretaria de Estado de Sa\u00fade (SES-MG)\" href=\"http:\/\/www.saude.mg.gov.br\/\" target=\"_blank\" rel=\"noopener\">Sa\u00fade<\/a>, o m\u00e9dico F\u00e1bio Bacchereti, explicou, na quinta-feira (27\/5), durante coletiva de imprensa na Cidade Administrativa, em Belo Horizonte, que o grupo de comorbidades \u00e9 mais complexo de ser acessado devido \u00e0 necessidade de comprova\u00e7\u00e3o. Al\u00e9m disso, a orienta\u00e7\u00e3o do Minist\u00e9rio da Sa\u00fade para a vacina\u00e7\u00e3o contra a covid-19 em pessoas com comorbidades \u00e9 mais restritiva que as\u00a0de outras campanhas, como a da gripe, por exemplo. E como o n\u00famero de pessoas com doen\u00e7as preexistentes \u00e9 calculado com base no cadastro de imuniza\u00e7\u00e3o contra Influenza, algumas doses acabam sobrando.<\/p>\n<p>\u201cPara dar legitimidade a esta expans\u00e3o da vacina\u00e7\u00e3o, foi feito um memorando circular orientando que os munic\u00edpios que j\u00e1 vacinaram os grupos de comorbidades e sobraram doses em seu estoque, que avancem no processo seguindo a ordem do PNI. Com isso, n\u00f3s vamos evitar que as doses de vacinas fiquem paradas e, consequentemente, acelerar o processo de imuniza\u00e7\u00e3o ampliando o grupo vacinal\u201d, afirmou o secret\u00e1rio.<\/p>\n<p><strong>Grupos<\/strong><\/p>\n<p>De acordo com a publica\u00e7\u00e3o, os munic\u00edpios que j\u00e1 atenderam os grupos acima e ainda possuem disponibilidade de doses poder\u00e3o ampliar para os pr\u00f3ximos grupos de prioridade, como pessoas com defici\u00eancia permanente (18 a 59 anos) sem cadastro no BPC; pessoas em situa\u00e7\u00e3o de rua (18 a 59 anos); funcion\u00e1rios do Sistema de Priva\u00e7\u00e3o de Liberdade, desde que realizado na unidade de sa\u00fade; completar 100% das For\u00e7as de Seguran\u00e7a, salvamento e armadas; e trabalhadores da educa\u00e7\u00e3o do ensino infantil (creche, pr\u00e9-escolas), seguindo as faixas de idade de 55 a 59 anos, 50 a 54 anos, 45 a 49 anos, 40 a 44 anos.<\/p>\n<p><strong>Comportamento da popula\u00e7\u00e3o<\/strong><\/p>\n<p>Durante a entrevista \u00e0 imprensa, o secret\u00e1rio de Sa\u00fade ainda alertou sobre a import\u00e2ncia de a popula\u00e7\u00e3o mineira continuar tomando todas as medidas de higiene, distanciamento social e uso de m\u00e1scaras como preven\u00e7\u00e3o a uma poss\u00edvel terceira onda da doen\u00e7a. Essa conscientiza\u00e7\u00e3o, segundo ele, \u00e9 a principal aliada ao trabalho realizado pelo estado de prepara\u00e7\u00e3o e adequa\u00e7\u00e3o do sistema de sa\u00fade.<\/p>\n<p>\u201cO comportamento da popula\u00e7\u00e3o \u00e9 capaz de barrar qualquer nova cepa do v\u00edrus. Temos que lembrar que ele circula no contato interpessoal ou por estarmos juntos em algum ambiente sem usar m\u00e1scara, sem higienizar a m\u00e3o. Por isso a insist\u00eancia nas medidas de preven\u00e7\u00e3o. A terceira onda tem muito a ver com o comportamento da popula\u00e7\u00e3o. Esta nova cepa indiana tem um potencial de circula\u00e7\u00e3o no pa\u00eds e, associado \u00e0 popula\u00e7\u00e3o perdendo o comportamento de distanciamento social, \u00e9 muito perigosa &#8220;, explicou o m\u00e9dico F\u00e1bio Baccheretti.<\/p>\n<p><span style=\"font-weight: 400;\">Fonte: Ag\u00eancia Minas <\/span><\/p>\n","protected":false},"excerpt":{"rendered":"<p>O\u00a0Governo de Minas\u00a0orientou os munic\u00edpios que j\u00e1 realizaram a vacina\u00e7\u00e3o dos grupos de pessoas com comorbidades \u2013 e que ainda possuem doses direcionas a este p\u00fablico sobrando em estoque \u2013 que avancem na imuniza\u00e7\u00e3o de outros grupos priorit\u00e1rios, como professores e trabalhadores da Educa\u00e7\u00e3o, trabalhadores portu\u00e1rios e de aeroportos, popula\u00e7\u00e3o em situa\u00e7\u00e3o de rua, entre [&hellip;]<\/p>\n","protected":false},"author":246,"featured_media":183181,"comment_status":"closed","ping_status":"closed","sticky":false,"template":"","format":"standard","meta":{"footnotes":""},"categories":[436,254,439],"tags":[],"class_list":["post-183180","post","type-post","status-publish","format-standard","has-post-thumbnail","hentry","category-destaque-da-semana","category-politica","category-ultima-hora"],"_links":{"self":[{"href":"https:\/\/diarioregionaldigital.com.br\/index.php?rest_route=\/wp\/v2\/posts\/183180","targetHints":{"allow":["GET"]}}],"collection":[{"href":"https:\/\/diarioregionaldigital.com.br\/index.php?rest_route=\/wp\/v2\/posts"}],"about":[{"href":"https:\/\/diarioregionaldigital.com.br\/index.php?rest_route=\/wp\/v2\/types\/post"}],"author":[{"embeddable":true,"href":"https:\/\/diarioregionaldigital.com.br\/index.php?rest_route=\/wp\/v2\/users\/246"}],"replies":[{"embeddable":true,"href":"https:\/\/diarioregionaldigital.com.br\/index.php?rest_route=%2Fwp%2Fv2%2Fcomments&post=183180"}],"version-history":[{"count":1,"href":"https:\/\/diarioregionaldigital.com.br\/index.php?rest_route=\/wp\/v2\/posts\/183180\/revisions"}],"predecessor-version":[{"id":183182,"href":"https:\/\/diarioregionaldigital.com.br\/index.php?rest_route=\/wp\/v2\/posts\/183180\/revisions\/183182"}],"wp:featuredmedia":[{"embeddable":true,"href":"https:\/\/diarioregionaldigital.com.br\/index.php?rest_route=\/wp\/v2\/media\/183181"}],"wp:attachment":[{"href":"https:\/\/diarioregionaldigital.com.br\/index.php?rest_route=%2Fwp%2Fv2%2Fmedia&parent=183180"}],"wp:term":[{"taxonomy":"category","embeddable":true,"href":"https:\/\/diarioregionaldigital.com.br\/index.php?rest_route=%2Fwp%2Fv2%2Fcategories&post=183180"},{"taxonomy":"post_tag","embeddable":true,"href":"https:\/\/diarioregionaldigital.com.br\/index.php?rest_route=%2Fwp%2Fv2%2Ftags&post=183180"}],"curies":[{"name":"wp","href":"https:\/\/api.w.org\/{rel}","templated":true}]}}