{"id":183177,"date":"2021-05-28T18:17:10","date_gmt":"2021-05-28T21:17:10","guid":{"rendered":"https:\/\/diarioregionaldigital.com.br\/?p=183177"},"modified":"2021-05-28T18:17:10","modified_gmt":"2021-05-28T21:17:10","slug":"romeu-zema-apresenta-conjunto-de-obras-para-pompeu-e-regiao-da-bacia-do-paraopeba","status":"publish","type":"post","link":"https:\/\/diarioregionaldigital.com.br\/?p=183177","title":{"rendered":"Romeu Zema apresenta conjunto de obras para Pomp\u00e9u e regi\u00e3o da Bacia do Paraopeba"},"content":{"rendered":"<p>O governador Romeu Zema apresentou nesta sexta-feira (28\/5), em Pomp\u00e9u, na regi\u00e3o Central, um conjunto de a\u00e7\u00f5es para os munic\u00edpios da Bacia do Paraopeba, fruto do\u00a0<a href=\"http:\/\/www.agenciaminas.mg.gov.br\/sala-de-imprensa\/brumadinho-acordo-historico-e-conteudo-relacionado\" target=\"_blank\" rel=\"noopener\">termo de medidas de repara\u00e7\u00e3o<\/a>\u00a0assinado entre o Poder P\u00fablico e a mineradora Vale devido ao rompimento da barragem Mina C\u00f3rrego do Feij\u00e3o, em Brumadinho. Acompanhado pelo secret\u00e1rio de Estado de\u00a0<a title=\"Secretaria de Estado de Sa\u00fade (SES-MG)\" href=\"http:\/\/www.saude.mg.gov.br\/\" target=\"_blank\" rel=\"noopener\">Sa\u00fade<\/a>, o m\u00e9dico F\u00e1bio Baccheretti, o governador tamb\u00e9m acompanhou a vacina\u00e7\u00e3o contra a covid-19 no munic\u00edpio.<\/p>\n<p>Sobre o termo de repara\u00e7\u00e3o, Romeu Zema destacou o empenho do seu governo para viabilizar o acordo e permitir que a popula\u00e7\u00e3o fosse beneficiada pelo recurso compensat\u00f3rio.<\/p>\n<p>\u201c\u00c9 extremamente gratificante ver que um longo e \u00e1rduo trabalho frutificou e, em breve, se transformar\u00e1 em realidade. Foram centenas de horas de reuni\u00f5es, debates e discuss\u00f5es que foram aplicados para que constitu\u00edssemos um projeto pr\u00e1tico, que em poucos meses consegue se operacionalizar para come\u00e7ar a devolver ao povo mineiro obras estruturantes. Nosso grande cuidado foi para que os atingidos, e todo o povo mineiro que sofreu, sejam de certa maneira recompensados\u201d, afirmou.<\/p>\n<p>Est\u00e3o previstos R$ 2,5 bilh\u00f5es para os 25 munic\u00edpios atingidos, sendo R$ 79,2 milh\u00f5es em projetos socioecon\u00f4micos que ser\u00e3o executados diretamente em Pomp\u00e9u, nas \u00e1reas de educa\u00e7\u00e3o, sa\u00fade, desenvolvimento social, agricultura, pecu\u00e1ria e abastecimento, entre outras, incluindo a estrutura\u00e7\u00e3o de salas de urg\u00eancia de unidades de sa\u00fade do munic\u00edpio.<\/p>\n<p>Zema ressaltou que o recurso ser\u00e1 integralmente revertido em benef\u00edcio da popula\u00e7\u00e3o, e n\u00e3o do governo.<\/p>\n<p>\u201cQuero deixar claro que o\u00a0<a href=\"http:\/\/www.mg.gov.br\/\" target=\"_blank\" rel=\"noopener\">Governo do Estado<\/a>\u00a0n\u00e3o est\u00e1 recebendo um real, apesar de todas as dificuldades financeiras que enfrentamos. A minha vis\u00e3o sempre foi: o povo mineiro \u00e9 quem foi afetado, que tudo seja feito em prol dele. Com certeza estas cidades ter\u00e3o condi\u00e7\u00f5es como nunca tiveram de mudar por completo o seu desenvolvimento. Estamos ansiosos por isso e tenho certeza que os deputados ter\u00e3o condi\u00e7\u00f5es de analisar e votar o quanto antes a proposta. O povo mineiro \u00e9 que vai ganhar\u201d, disse. O Projeto de Lei para libera\u00e7\u00e3o dos recursos est\u00e1 em an\u00e1lise na Assembleia Legislativa de Minas Gerais.<\/p>\n<p><strong>Repara\u00e7\u00e3o<\/strong><\/p>\n<p>A secret\u00e1ria de Estado de\u00a0<a title=\"Secretaria de Estado de Planejamento e Gest\u00e3o (Seplag)\" href=\"http:\/\/www.planejamento.mg.gov.br\/\" target=\"_blank\" rel=\"noopener\">Planejamento e Gest\u00e3o<\/a>, Lu\u00edsa\u00a0Barreto, ressaltou que Brumadinho e os 25 munic\u00edpios atingidos pela trag\u00e9dia ser\u00e3o beneficiados pelo termo, que obriga a Vale a iniciar imediatamente a repara\u00e7\u00e3o.<\/p>\n<p>\u201cToda a regi\u00e3o que sofreu com donos causados pelo derramamento da lama vai ser integralmente reparada custe o que custar. Em Pomp\u00e9u temos a represa que foi muito atingida e tudo isso ser\u00e1 reparado. Foi aberto prazo para que as prefeituras e comunidades atingidas apresentassem seus pr\u00f3prios projetos e s\u00f3 nesses munic\u00edpios j\u00e1 foram apresentados 145 projetos totalizando R$ 341 milh\u00f5es em propostas. Essas propostas v\u00e3o passar agora por um processo de prioriza\u00e7\u00e3o com escuta \u00e0 popula\u00e7\u00e3o. Esperamos que at\u00e9 o final do ano a gente tenha uma defini\u00e7\u00e3o de quais ser\u00e3o esses projetos para execu\u00e7\u00e3o ao longo de todo o ano de 2022\u201d, explicou.<\/p>\n<p>Ela destacou ainda que foi criado um pacote de projetos de resposta r\u00e1pida, para come\u00e7arem a ser executados ainda em 2021.<\/p>\n<p>\u201cS\u00e3o nas \u00e1reas de sa\u00fade, desenvolvimento social e agricultura com car\u00e1ter emergencial e que j\u00e1 se iniciam agora em 2021. Muitos dos projetos come\u00e7am em agosto e alguns at\u00e9 dezembro, mas no ano de 2021 vamos ter 15% do recurso de R$ 2,5 bilh\u00f5es sendo executados e dando benef\u00edcios a toda a popula\u00e7\u00e3o\u201d, disse.<\/p>\n<p><strong>Trabalho<\/strong><\/p>\n<p>O prefeito de Pomp\u00e9u, Oz\u00e9as da Silva Campos, exaltou a import\u00e2ncia das interven\u00e7\u00f5es e destacou que o acordo feito pelo Executivo estadual com a Associa\u00e7\u00e3o Mineira de Munic\u00edpios, para regulariza\u00e7\u00e3o dos repasses, foi fundamental para atender melhor \u00e0 popula\u00e7\u00e3o.<\/p>\n<p>\u201cNo in\u00edcio do governo, em fevereiro, tivemos negocia\u00e7\u00e3o e esse dividendo que os munic\u00edpios deixaram de receber come\u00e7aram a ser repassados de forma correta porque s\u00e3o direitos constitucionais. E tivemos a oportunidade de fazer mais e melhor para toda nossa popula\u00e7\u00e3o. Antes, n\u00e3o t\u00ednhamos condi\u00e7\u00f5es de fazer qualquer planejamento, pois n\u00e3o sab\u00edamos quanto ir\u00edamos receber. Receb\u00edamos 30%\u201d, lembrou.<\/p>\n<p>Presente durante o an\u00fancio, o deputado federal Domingos S\u00e1vio enalteceu o trabalho do Poder P\u00fablico para selar o maior acordo da hist\u00f3ria de Minas Gerais e reparar as v\u00edtimas da trag\u00e9dia.<\/p>\n<p>\u201cN\u00e3o h\u00e1 nenhum dinheiro que pague uma vida sequer, muito menos a pior trag\u00e9dia que j\u00e1 enfrentamos na nossa hist\u00f3ria. Brumadinho ficar\u00e1 sempre na nossa mem\u00f3ria. Mas um gestor s\u00e9rio busca superar e trabalhar para corrigir o desastre criminoso e amenizar o sofrimento da popula\u00e7\u00e3o. E o governador conduziu com muita seriedade e responsabilidade\u201d, defendeu.<\/p>\n<p>O deputado estadual F\u00e1bio Avelar tamb\u00e9m destacou a import\u00e2ncia das interven\u00e7\u00f5es na \u00e1rea da Sa\u00fade neste momento de pandemia.<\/p>\n<p>\u201cEsse projeto \u00e9 de suma import\u00e2ncia. N\u00e3o vai ajudar apenas a Educa\u00e7\u00e3o, a Seguran\u00e7a, mas a Sa\u00fade. Muitos hospitais v\u00e3o ser beneficiados com esse projeto e estarei l\u00e1 na Assembleia conversando com nosso presidente Agostinho Patrus para que esse projeto passe logo. Serei o primeiro deputado a dar voto favor\u00e1vel\u201d, garantiu.<\/p>\n<p>Tamb\u00e9m participaram da agenda os deputados estaduais In\u00e1cio Franco e Wendel Mesquita; entre outras autoridades.<\/p>\n<p><strong>Sa\u00fade<\/strong><\/p>\n<p>Pomp\u00e9u ser\u00e1 diretamente beneficiada com a conclus\u00e3o das obras do Hospital Regional de Sete Lagoas. As futuras instala\u00e7\u00f5es foram visitadas no \u00faltimo dia 21 pelo governador. A previs\u00e3o \u00e9 a de que sejam abertos 226 leitos, sendo 176 leitos de enfermaria, 40 leitos de UTI, dez leitos de semi-intensivo. Um diagn\u00f3stico das obras, que estavam paralisadas desde 2015, est\u00e1 sendo realizado pelo\u00a0<a href=\"http:\/\/www.der.mg.gov.br\/\" target=\"_blank\" rel=\"noopener\">Departamento de Edifica\u00e7\u00f5es e Estradas de Rodagem de Minas (DER-MG)<\/a>.<\/p>\n<p>Tamb\u00e9m na \u00e1rea da sa\u00fade, ser\u00e3o realizadas a\u00e7\u00f5es de fortalecimento da rede de aten\u00e7\u00e3o prim\u00e1ria \u00e0 sa\u00fade e contrata\u00e7\u00e3o de mais profissionais, com previs\u00e3o de in\u00edcio para o segundo semestre deste ano. Para promover o desenvolvimento social, haver\u00e1 uma amplia\u00e7\u00e3o dos servi\u00e7os socioassistenciais municipais e a implanta\u00e7\u00e3o de um Centro de Apoio \u00e0s Mulheres V\u00edtimas de Viol\u00eancia.<\/p>\n<p><strong>Outras a\u00e7\u00f5es<\/strong><\/p>\n<p>Outros projetos importantes propostos para a regi\u00e3o e, em especial para Pomp\u00e9u, s\u00e3o a implanta\u00e7\u00e3o de rede de comunica\u00e7\u00e3o m\u00f3vel para \u00e1reas rurais, a reestrutura\u00e7\u00e3o das escolas estaduais e a realiza\u00e7\u00e3o da obra rodovi\u00e1ria da estrada que liga Papagaios a Pomp\u00e9u.<\/p>\n<p>Esses projetos passar\u00e3o por um processo de consulta para prioriza\u00e7\u00e3o, envolvendo as prefeituras e comunidades atingidas.<\/p>\n<p>As interven\u00e7\u00f5es previstas se somam a diversos outros investimentos que asseguram benef\u00edcios diretos e indiretos a Pomp\u00e9u, aos demais munic\u00edpios atingidos e a todo o estado, totalizando R$ 37,68 bilh\u00f5es, valor previsto no termo de repara\u00e7\u00e3o<\/p>\n<p>Entre elas est\u00e3o, por exemplo, o\u00a0<a href=\"http:\/\/www.agenciaminas.mg.gov.br\/noticia\/termo-de-medidas-de-reparacao-preve-criacao-de-programa-de-transferencia-de-renda-para-moradores-das-regioes-atingidas\" target=\"_blank\" rel=\"noopener\">Programa de Transfer\u00eancia de Renda<\/a>, que prev\u00ea o pagamento de aux\u00edlio \u00e0s fam\u00edlias atingidas, e os projetos apresentados pela pr\u00f3pria popula\u00e7\u00e3o atingida, aos quais ser\u00e3o destinados mais de R$ 3 bi. Tamb\u00e9m h\u00e1 previs\u00e3o de a\u00e7\u00f5es de Recupera\u00e7\u00e3o Socioambiental e o projeto de Seguran\u00e7a H\u00eddrica. H\u00e1 ainda o Programa de Mobilidade e o Programa de Fortalecimento do Servi\u00e7o P\u00fablico, que v\u00e3o beneficiar os munic\u00edpios mineiros como um todo, incluindo os munic\u00edpios atingidos.<\/p>\n<p><strong>Seguran\u00e7a<\/strong><\/p>\n<p>O munic\u00edpio ser\u00e1 contemplado ainda com a\u00e7\u00f5es na \u00e1rea de seguran\u00e7a p\u00fablica, como a amplia\u00e7\u00e3o da rede de r\u00e1dio da\u00a0<a href=\"http:\/\/www.policiamilitar.mg.gov.br\/\" target=\"_blank\" rel=\"noopener\">Pol\u00edcia Militar<\/a>\u00a0da regi\u00e3o, garantindo maior efici\u00eancia nas comunica\u00e7\u00f5es operacionais da institui\u00e7\u00e3o.<\/p>\n<p>Outro exemplo \u00e9 a aquisi\u00e7\u00e3o de equipamentos e ve\u00edculos para a estrutura\u00e7\u00e3o de Coordenadorias Municipais de Prote\u00e7\u00e3o e Defesa Civil \u2013 Compdecs, que poder\u00e1 beneficiar o munic\u00edpio.<\/p>\n<p><strong>Resposta r\u00e1pida<\/strong><\/p>\n<p>Os projetos inclu\u00eddos no Pacote de Resposta R\u00e1pida, que estima o in\u00edcio das obras e demais interven\u00e7\u00f5es ainda este ano, est\u00e3o tamb\u00e9m previstos para serem executados na cidade. S\u00e3o a\u00e7\u00f5es em \u00e1reas como Sa\u00fade, Agricultura e Desenvolvimento Social, para o fortalecimento da aten\u00e7\u00e3o prim\u00e1ria \u00e0 sa\u00fade e da rede de aten\u00e7\u00e3o psicossocial, a manuten\u00e7\u00e3o das estradas rurais, a\u00e7\u00f5es de regulariza\u00e7\u00e3o fundi\u00e1ria, entre outros.<\/p>\n<p><strong>Etapas<\/strong><\/p>\n<p>Neste momento, os munic\u00edpios est\u00e3o encaminhando propostas de projetos para o anexo voltado \u00e0 repara\u00e7\u00e3o da Bacia do Paraopeba e de Brumadinho. Ap\u00f3s a an\u00e1lise dos projetos, a lista, incluindo as interven\u00e7\u00f5es j\u00e1 propostas pelo Estado, passar\u00e1 por consulta popular para prioriza\u00e7\u00e3o. Outras medidas previstas no termo aguardam a tramita\u00e7\u00e3o de projeto de lei na Assembleia Legislativa de Minas Gerais.<br \/>\n<span style=\"font-weight: 400;\"><br \/>\n<\/span><span style=\"font-weight: 400;\">Fonte: Ag\u00eancia Minas <\/span><\/p>\n","protected":false},"excerpt":{"rendered":"<p>O governador Romeu Zema apresentou nesta sexta-feira (28\/5), em Pomp\u00e9u, na regi\u00e3o Central, um conjunto de a\u00e7\u00f5es para os munic\u00edpios da Bacia do Paraopeba, fruto do\u00a0termo de medidas de repara\u00e7\u00e3o\u00a0assinado entre o Poder P\u00fablico e a mineradora Vale devido ao rompimento da barragem Mina C\u00f3rrego do Feij\u00e3o, em Brumadinho. Acompanhado pelo secret\u00e1rio de Estado de\u00a0Sa\u00fade, [&hellip;]<\/p>\n","protected":false},"author":246,"featured_media":183178,"comment_status":"closed","ping_status":"closed","sticky":false,"template":"","format":"standard","meta":{"footnotes":""},"categories":[440,254,439],"tags":[],"class_list":["post-183177","post","type-post","status-publish","format-standard","has-post-thumbnail","hentry","category-destaques-do-dia","category-politica","category-ultima-hora"],"_links":{"self":[{"href":"https:\/\/diarioregionaldigital.com.br\/index.php?rest_route=\/wp\/v2\/posts\/183177","targetHints":{"allow":["GET"]}}],"collection":[{"href":"https:\/\/diarioregionaldigital.com.br\/index.php?rest_route=\/wp\/v2\/posts"}],"about":[{"href":"https:\/\/diarioregionaldigital.com.br\/index.php?rest_route=\/wp\/v2\/types\/post"}],"author":[{"embeddable":true,"href":"https:\/\/diarioregionaldigital.com.br\/index.php?rest_route=\/wp\/v2\/users\/246"}],"replies":[{"embeddable":true,"href":"https:\/\/diarioregionaldigital.com.br\/index.php?rest_route=%2Fwp%2Fv2%2Fcomments&post=183177"}],"version-history":[{"count":1,"href":"https:\/\/diarioregionaldigital.com.br\/index.php?rest_route=\/wp\/v2\/posts\/183177\/revisions"}],"predecessor-version":[{"id":183179,"href":"https:\/\/diarioregionaldigital.com.br\/index.php?rest_route=\/wp\/v2\/posts\/183177\/revisions\/183179"}],"wp:featuredmedia":[{"embeddable":true,"href":"https:\/\/diarioregionaldigital.com.br\/index.php?rest_route=\/wp\/v2\/media\/183178"}],"wp:attachment":[{"href":"https:\/\/diarioregionaldigital.com.br\/index.php?rest_route=%2Fwp%2Fv2%2Fmedia&parent=183177"}],"wp:term":[{"taxonomy":"category","embeddable":true,"href":"https:\/\/diarioregionaldigital.com.br\/index.php?rest_route=%2Fwp%2Fv2%2Fcategories&post=183177"},{"taxonomy":"post_tag","embeddable":true,"href":"https:\/\/diarioregionaldigital.com.br\/index.php?rest_route=%2Fwp%2Fv2%2Ftags&post=183177"}],"curies":[{"name":"wp","href":"https:\/\/api.w.org\/{rel}","templated":true}]}}