{"id":183174,"date":"2021-05-28T18:12:18","date_gmt":"2021-05-28T21:12:18","guid":{"rendered":"https:\/\/diarioregionaldigital.com.br\/?p=183174"},"modified":"2021-05-28T18:12:18","modified_gmt":"2021-05-28T21:12:18","slug":"imposto-de-renda-cerca-de-5-milhoes-ainda-nao-enviaram-declaracao","status":"publish","type":"post","link":"https:\/\/diarioregionaldigital.com.br\/?p=183174","title":{"rendered":"Imposto de Renda: cerca de 5 milh\u00f5es ainda n\u00e3o enviaram declara\u00e7\u00e3o"},"content":{"rendered":"<p>Faltando tr\u00eas dias para o fim do prazo, cerca de 5 milh\u00f5es de contribuintes ainda n\u00e3o acertaram as contas com o Le\u00e3o. Segundo o balan\u00e7o mais recente, 27.576.564 contribuintes enviaram a Declara\u00e7\u00e3o do Imposto de Renda Pessoa F\u00edsica, 84,5% do previsto para este ano.<img decoding=\"async\" src=\"https:\/\/agenciabrasil.ebc.com.br\/ebc.png?id=1411068&amp;o=node\" \/><img decoding=\"async\" src=\"https:\/\/agenciabrasil.ebc.com.br\/ebc.gif?id=1411068&amp;o=node\" \/><\/p>\n<p>Os n\u00fameros foram divulgados pela Receita Federal, com dados apurados at\u00e9 as 11h de hoje (28).<\/p>\n<p>Neste ano, o Fisco espera receber at\u00e9 32.619.749 declara\u00e7\u00f5es. No ano passado, foram enviadas 31.980.146 declara\u00e7\u00f5es.<\/p>\n<p>O prazo de entrega come\u00e7ou em 1\u00ba de mar\u00e7o e vai at\u00e9 as 23h59min59s da pr\u00f3xima segunda-feira (31). A data limite foi\u00a0<a href=\"https:\/\/agenciabrasil.ebc.com.br\/economia\/noticia\/2021-04\/receita-adia-o-prazo-de-entrega-da-declaracao-de-imposto-de-renda\" target=\"_blank\" rel=\"noopener\">adiada em um m\u00eas<\/a>\u00a0para suavizar as dificuldades no recolhimento de documentos impostas pela pandemia de covid-19.<\/p>\n<p>Em abril, a C\u00e2mara e o Senado aprovaram projeto de lei que adiaria novamente o prazo para\u00a0<a href=\"https:\/\/agenciabrasil.ebc.com.br\/politica\/noticia\/2021-04\/camara-aprova-projeto-que-prorroga-entrega-do-ir-ate-31-de-julho\" target=\"_blank\" rel=\"noopener\">31 de julho<\/a>, por causa do agravamento da pandemia. No entanto, o presidente Jair Bolsonaro vetou a proposta, ap\u00f3s\u00a0<a href=\"https:\/\/agenciabrasil.ebc.com.br\/economia\/noticia\/2021-05\/bolsonaro-veta-projeto-que-adiava-prazo-de-entrega-da-declaracao-do-ir\" target=\"_blank\" rel=\"noopener\">recomenda\u00e7\u00e3o da Receita Federal<\/a>.<\/p>\n<p>O programa para computador est\u00e1 dispon\u00edvel na p\u00e1gina da\u00a0<a href=\"http:\/\/www.receita.economia.gov.br\/\" target=\"_blank\" rel=\"noopener\">Receita Federal na internet<\/a>. Quem perder o prazo de envio ter\u00e1 de pagar multa de R$ 165,74 ou 1% do imposto devido, prevalecendo o maior valor.<\/p>\n<p>A entrega \u00e9 obrigat\u00f3ria para quem recebeu acima de R$ 28.559,70 em rendimentos tribut\u00e1veis em 2020. Isso equivale a um sal\u00e1rio acima de R$ 1.903,98, inclu\u00eddo o d\u00e9cimo terceiro.<\/p>\n<p>Tamb\u00e9m dever\u00e1 entregar a declara\u00e7\u00e3o quem tenha recebido rendimentos isentos acima de R$ 40 mil em 2020, quem tenha obtido ganho de capital na venda de bens ou realizou opera\u00e7\u00f5es de qualquer tipo na Bolsa de Valores, quem tenha patrim\u00f4nio acima de R$ 300 mil at\u00e9 31 de dezembro do ano passado e quem optou pela isen\u00e7\u00e3o de imposto de venda de um im\u00f3vel residencial para a compra de um outro im\u00f3vel em at\u00e9 180 dias.<\/p>\n<p><strong>Restitui\u00e7\u00e3o<\/strong><\/p>\n<p>Pelas estimativas da Receita Federal, 60% das declara\u00e7\u00f5es ter\u00e3o restitui\u00e7\u00e3o de imposto, 21% n\u00e3o ter\u00e3o imposto a pagar nem a restituir e 19% ter\u00e3o imposto a pagar.<\/p>\n<p>Assim como no ano passado, ser\u00e3o pagos cinco lotes de restitui\u00e7\u00e3o. Os reembolsos ser\u00e3o distribu\u00eddos nas seguintes datas: 31 de maio (primeiro lote), 30 de junho (segundo lote), 30 de julho (terceiro lote), 31 de agosto (quarto lote) e 30 de setembro (quinto lote). As datas n\u00e3o mudaram, mesmo com o adiamento do prazo de\u00a0<a href=\"https:\/\/agenciabrasil.ebc.com.br\/economia\/noticia\/2021-04\/calendario-de-restituicoes-nao-muda-com-novo-prazo-do-imposto-de-renda\" target=\"_blank\" rel=\"noopener\">entrega da declara\u00e7\u00e3o<\/a>.<\/p>\n<p><strong>Novidades\u00a0<\/strong><\/p>\n<p>Entre as principais novidades nas regras deste ano, est\u00e1 a obrigatoriedade de declarar o aux\u00edlio emergencial de quem recebeu mais de R$ 22.847,76 em outros\u00a0<a href=\"https:\/\/agenciabrasil.ebc.com.br\/economia\/noticia\/2021-02\/auxilio-emergencial-e-criptomoedas-deverao-ser-declarados-no-ir\" target=\"_blank\" rel=\"noopener\">rendimentos tribut\u00e1veis<\/a>\u00a0e a cria\u00e7\u00e3o de tr\u00eas campos na ficha \u201cBens e direitos\u201d para o contribuinte informar criptomoedas e outros ativos eletr\u00f4nicos.<\/p>\n<p>O prazo para as empresas, os bancos e as demais institui\u00e7\u00f5es financeiras e os planos de sa\u00fade fornecerem os comprovantes de rendimentos acabou no fim de fevereiro. O contribuinte tamb\u00e9m deve juntar recibos, no caso de alugu\u00e9is, de pens\u00f5es, de presta\u00e7\u00f5es de servi\u00e7os, e notas fiscais, usadas para\u00a0<a href=\"https:\/\/agenciabrasil.ebc.com.br\/economia\/noticia\/2021-02\/contribuinte-pode-juntar-documentos-para-declarar-imposto-de-renda\" target=\"_blank\" rel=\"noopener\">comprovar dedu\u00e7\u00f5es<\/a>.<span style=\"font-weight: 400;\"><br \/>\n<\/span><span style=\"font-weight: 400;\"><br \/>\n<\/span><span style=\"font-weight: 400;\">Fonte: Ag\u00eancia Brasil<\/span><\/p>\n","protected":false},"excerpt":{"rendered":"<p>Faltando tr\u00eas dias para o fim do prazo, cerca de 5 milh\u00f5es de contribuintes ainda n\u00e3o acertaram as contas com o Le\u00e3o. Segundo o balan\u00e7o mais recente, 27.576.564 contribuintes enviaram a Declara\u00e7\u00e3o do Imposto de Renda Pessoa F\u00edsica, 84,5% do previsto para este ano. Os n\u00fameros foram divulgados pela Receita Federal, com dados apurados at\u00e9 [&hellip;]<\/p>\n","protected":false},"author":246,"featured_media":183175,"comment_status":"closed","ping_status":"closed","sticky":false,"template":"","format":"standard","meta":{"footnotes":""},"categories":[436,261,439],"tags":[],"class_list":["post-183174","post","type-post","status-publish","format-standard","has-post-thumbnail","hentry","category-destaque-da-semana","category-economia","category-ultima-hora"],"_links":{"self":[{"href":"https:\/\/diarioregionaldigital.com.br\/index.php?rest_route=\/wp\/v2\/posts\/183174","targetHints":{"allow":["GET"]}}],"collection":[{"href":"https:\/\/diarioregionaldigital.com.br\/index.php?rest_route=\/wp\/v2\/posts"}],"about":[{"href":"https:\/\/diarioregionaldigital.com.br\/index.php?rest_route=\/wp\/v2\/types\/post"}],"author":[{"embeddable":true,"href":"https:\/\/diarioregionaldigital.com.br\/index.php?rest_route=\/wp\/v2\/users\/246"}],"replies":[{"embeddable":true,"href":"https:\/\/diarioregionaldigital.com.br\/index.php?rest_route=%2Fwp%2Fv2%2Fcomments&post=183174"}],"version-history":[{"count":1,"href":"https:\/\/diarioregionaldigital.com.br\/index.php?rest_route=\/wp\/v2\/posts\/183174\/revisions"}],"predecessor-version":[{"id":183176,"href":"https:\/\/diarioregionaldigital.com.br\/index.php?rest_route=\/wp\/v2\/posts\/183174\/revisions\/183176"}],"wp:featuredmedia":[{"embeddable":true,"href":"https:\/\/diarioregionaldigital.com.br\/index.php?rest_route=\/wp\/v2\/media\/183175"}],"wp:attachment":[{"href":"https:\/\/diarioregionaldigital.com.br\/index.php?rest_route=%2Fwp%2Fv2%2Fmedia&parent=183174"}],"wp:term":[{"taxonomy":"category","embeddable":true,"href":"https:\/\/diarioregionaldigital.com.br\/index.php?rest_route=%2Fwp%2Fv2%2Fcategories&post=183174"},{"taxonomy":"post_tag","embeddable":true,"href":"https:\/\/diarioregionaldigital.com.br\/index.php?rest_route=%2Fwp%2Fv2%2Ftags&post=183174"}],"curies":[{"name":"wp","href":"https:\/\/api.w.org\/{rel}","templated":true}]}}