{"id":183170,"date":"2021-05-28T18:08:13","date_gmt":"2021-05-28T21:08:13","guid":{"rendered":"https:\/\/diarioregionaldigital.com.br\/?p=183170"},"modified":"2021-05-28T18:08:13","modified_gmt":"2021-05-28T21:08:13","slug":"inflacao-dos-alugueis-acumula-taxa-de-3704-em-12-meses","status":"publish","type":"post","link":"https:\/\/diarioregionaldigital.com.br\/?p=183170","title":{"rendered":"Infla\u00e7\u00e3o dos alugu\u00e9is acumula taxa de 37,04% em 12 meses"},"content":{"rendered":"<p>O \u00cdndice Geral de Pre\u00e7os \u2013 Mercado (IGP-M), usado no reajuste dos contratos de aluguel do pa\u00eds, subiu 4,10% em maio. Com a taxa, que \u00e9 superior ao 1,51% do m\u00eas anterior, o \u00edndice acumula altas de 14,39% no ano e de 37,04% em 12 meses.<img decoding=\"async\" src=\"https:\/\/agenciabrasil.ebc.com.br\/ebc.png?id=1411001&amp;o=node\" \/><img decoding=\"async\" src=\"https:\/\/agenciabrasil.ebc.com.br\/ebc.gif?id=1411001&amp;o=node\" \/><\/p>\n<p>Segundo a Funda\u00e7\u00e3o Getulio Vargas (FGV), em maio de 2020, o IGP-M registrava taxas de 0,28% no m\u00eas e de 6,51% em 12 meses.<\/p>\n<p>A alta de abril para maio foi puxada principalmente pelos pre\u00e7os no atacado, medidos pelo \u00cdndice de Pre\u00e7os ao Produtor Amplo, que subiram 5,23% em maio, acima do 1,84% de abril.<\/p>\n<p>Houve altas tamb\u00e9m no \u00cdndice de Pre\u00e7os ao Consumidor, que mede o varejo e que passou de 0,44% em abril para 0,61% em maio, e no \u00cdndice Nacional de Custo da Constru\u00e7\u00e3o, que subiu de 0,95% para 1,80%.<span style=\"font-weight: 400;\"><br \/>\n<\/span><span style=\"font-weight: 400;\"><br \/>\n<\/span><span style=\"font-weight: 400;\">Fonte: Ag\u00eancia Brasil \/ FGV <\/span><\/p>\n","protected":false},"excerpt":{"rendered":"<p>O \u00cdndice Geral de Pre\u00e7os \u2013 Mercado (IGP-M), usado no reajuste dos contratos de aluguel do pa\u00eds, subiu 4,10% em maio. Com a taxa, que \u00e9 superior ao 1,51% do m\u00eas anterior, o \u00edndice acumula altas de 14,39% no ano e de 37,04% em 12 meses. Segundo a Funda\u00e7\u00e3o Getulio Vargas (FGV), em maio de [&hellip;]<\/p>\n","protected":false},"author":246,"featured_media":183171,"comment_status":"closed","ping_status":"closed","sticky":false,"template":"","format":"standard","meta":{"footnotes":""},"categories":[440,261,439],"tags":[],"class_list":["post-183170","post","type-post","status-publish","format-standard","has-post-thumbnail","hentry","category-destaques-do-dia","category-economia","category-ultima-hora"],"_links":{"self":[{"href":"https:\/\/diarioregionaldigital.com.br\/index.php?rest_route=\/wp\/v2\/posts\/183170","targetHints":{"allow":["GET"]}}],"collection":[{"href":"https:\/\/diarioregionaldigital.com.br\/index.php?rest_route=\/wp\/v2\/posts"}],"about":[{"href":"https:\/\/diarioregionaldigital.com.br\/index.php?rest_route=\/wp\/v2\/types\/post"}],"author":[{"embeddable":true,"href":"https:\/\/diarioregionaldigital.com.br\/index.php?rest_route=\/wp\/v2\/users\/246"}],"replies":[{"embeddable":true,"href":"https:\/\/diarioregionaldigital.com.br\/index.php?rest_route=%2Fwp%2Fv2%2Fcomments&post=183170"}],"version-history":[{"count":2,"href":"https:\/\/diarioregionaldigital.com.br\/index.php?rest_route=\/wp\/v2\/posts\/183170\/revisions"}],"predecessor-version":[{"id":183173,"href":"https:\/\/diarioregionaldigital.com.br\/index.php?rest_route=\/wp\/v2\/posts\/183170\/revisions\/183173"}],"wp:featuredmedia":[{"embeddable":true,"href":"https:\/\/diarioregionaldigital.com.br\/index.php?rest_route=\/wp\/v2\/media\/183171"}],"wp:attachment":[{"href":"https:\/\/diarioregionaldigital.com.br\/index.php?rest_route=%2Fwp%2Fv2%2Fmedia&parent=183170"}],"wp:term":[{"taxonomy":"category","embeddable":true,"href":"https:\/\/diarioregionaldigital.com.br\/index.php?rest_route=%2Fwp%2Fv2%2Fcategories&post=183170"},{"taxonomy":"post_tag","embeddable":true,"href":"https:\/\/diarioregionaldigital.com.br\/index.php?rest_route=%2Fwp%2Fv2%2Ftags&post=183170"}],"curies":[{"name":"wp","href":"https:\/\/api.w.org\/{rel}","templated":true}]}}