{"id":183161,"date":"2021-05-28T01:23:48","date_gmt":"2021-05-28T04:23:48","guid":{"rendered":"https:\/\/diarioregionaldigital.com.br\/?p=183161"},"modified":"2021-05-28T01:23:48","modified_gmt":"2021-05-28T04:23:48","slug":"prefeitura-municipal-de-descoberto-extrato-de-contrato-28-05-2021","status":"publish","type":"post","link":"https:\/\/diarioregionaldigital.com.br\/?p=183161","title":{"rendered":"Prefeitura Municipal de Descoberto &#8211; Extrato de Contrato &#8211; 28\/05\/2021"},"content":{"rendered":"<p style=\"text-align: center;\"><strong>EXTRATO DE CONTRATO<\/strong><\/p>\n<p style=\"text-align: center;\">Pref. Municipal de Descoberto x RG DIESEL oLtda\u2013 Objeto: \u00a0Aquisi\u00e7\u00e3o de \u00a0ve\u00edculo utilit\u00e1rio pequeno seminovo, caminhonete cabine simples &#8211; Fundamento: Preg\u00e3o n\u00ba 006\/2021 &#8211; Valor Global: R$43.471,67 \u00a0&#8211; Vig\u00eancia: 1m\u00eas &#8211; Dot or\u00e7: 02.02006.15.122.0002.202-449052\/100- Ass: 27\/05\/2021 &#8211; Foro: S\u00e3o Jo\u00e3o Nepomuceno\/MG.<\/p>\n<p style=\"text-align: center;\"><strong>Marcos de Ara\u00fajo Lima<\/strong><\/p>\n<p style=\"text-align: center;\"><strong>Prefeito Municipal<\/strong><\/p>\n","protected":false},"excerpt":{"rendered":"<p>EXTRATO DE CONTRATO Pref. Municipal de Descoberto x RG DIESEL oLtda\u2013 Objeto: \u00a0Aquisi\u00e7\u00e3o de \u00a0ve\u00edculo utilit\u00e1rio pequeno seminovo, caminhonete cabine simples &#8211; Fundamento: Preg\u00e3o n\u00ba 006\/2021 &#8211; Valor Global: R$43.471,67 \u00a0&#8211; Vig\u00eancia: 1m\u00eas &#8211; Dot or\u00e7: 02.02006.15.122.0002.202-449052\/100- Ass: 27\/05\/2021 &#8211; Foro: S\u00e3o Jo\u00e3o Nepomuceno\/MG. Marcos de Ara\u00fajo Lima Prefeito Municipal<\/p>\n","protected":false},"author":96,"featured_media":0,"comment_status":"closed","ping_status":"closed","sticky":false,"template":"","format":"standard","meta":{"footnotes":""},"categories":[307],"tags":[],"class_list":["post-183161","post","type-post","status-publish","format-standard","hentry","category-editais"],"_links":{"self":[{"href":"https:\/\/diarioregionaldigital.com.br\/index.php?rest_route=\/wp\/v2\/posts\/183161","targetHints":{"allow":["GET"]}}],"collection":[{"href":"https:\/\/diarioregionaldigital.com.br\/index.php?rest_route=\/wp\/v2\/posts"}],"about":[{"href":"https:\/\/diarioregionaldigital.com.br\/index.php?rest_route=\/wp\/v2\/types\/post"}],"author":[{"embeddable":true,"href":"https:\/\/diarioregionaldigital.com.br\/index.php?rest_route=\/wp\/v2\/users\/96"}],"replies":[{"embeddable":true,"href":"https:\/\/diarioregionaldigital.com.br\/index.php?rest_route=%2Fwp%2Fv2%2Fcomments&post=183161"}],"version-history":[{"count":1,"href":"https:\/\/diarioregionaldigital.com.br\/index.php?rest_route=\/wp\/v2\/posts\/183161\/revisions"}],"predecessor-version":[{"id":183162,"href":"https:\/\/diarioregionaldigital.com.br\/index.php?rest_route=\/wp\/v2\/posts\/183161\/revisions\/183162"}],"wp:attachment":[{"href":"https:\/\/diarioregionaldigital.com.br\/index.php?rest_route=%2Fwp%2Fv2%2Fmedia&parent=183161"}],"wp:term":[{"taxonomy":"category","embeddable":true,"href":"https:\/\/diarioregionaldigital.com.br\/index.php?rest_route=%2Fwp%2Fv2%2Fcategories&post=183161"},{"taxonomy":"post_tag","embeddable":true,"href":"https:\/\/diarioregionaldigital.com.br\/index.php?rest_route=%2Fwp%2Fv2%2Ftags&post=183161"}],"curies":[{"name":"wp","href":"https:\/\/api.w.org\/{rel}","templated":true}]}}