{"id":183159,"date":"2021-05-28T06:00:45","date_gmt":"2021-05-28T09:00:45","guid":{"rendered":"https:\/\/diarioregionaldigital.com.br\/?p=183159"},"modified":"2021-05-28T01:02:43","modified_gmt":"2021-05-28T04:02:43","slug":"premiacao-3","status":"publish","type":"post","link":"https:\/\/diarioregionaldigital.com.br\/?p=183159","title":{"rendered":"Premia\u00e7\u00e3o"},"content":{"rendered":"<p style=\"text-align: center;\"><strong>Concorr\u00eancia<\/strong><\/p>\n<p style=\"text-align: center;\">Usando como arma o contra ataque digital dos bancos \u00e0s fintechs, os grandes It\u00e1u e Bradesco reagem \u00e0 concorr\u00eancia das fintechs com bra\u00e7os digitais. Os dois tem juntos 1,4 milh\u00f5es de clientes on-line, 80% deles sem liga\u00e7\u00e3o com a opera\u00e7\u00e3o tradicional de ag\u00eancia<\/p>\n<p style=\"text-align: center;\"><strong>Voc\u00ea Sabia?<\/strong><\/p>\n<p style=\"text-align: center;\">O Facebook est\u00e1 negociando uma parceria com a Cielo. Quer que a empresa controlada pelo Banco do Brasil e pelo Bradesco seja sua processadora de servi\u00e7os financeiros.<\/p>\n<p style=\"text-align: center;\"><strong>Verdadeiro ou Falso<\/strong><\/p>\n<p style=\"text-align: center;\">Para combater a pirataria na ind\u00fastria do luxo, grupos poderosos investem na tecnologia do Blockman. O Aura previsto para entrar em opera\u00e7\u00e3o ainda neste semestre, vai provar que a tecnologia mais uma vez segue o luxo inovando sem perder a for\u00e7a da tradi\u00e7\u00e3o.<\/p>\n<p style=\"text-align: center;\"><strong>Mundo M\u00e1gico<\/strong><\/p>\n<p style=\"text-align: center;\">Ainda adolescente, muito antes de estourar em 2010 e se tornar hoje o mais influente YouTuber do Brasil, Felipe Neto sempre se arriscou no mundo digital. Ele \u00e9 uma m\u00e1quina de fazer e gastar dinheiro: cada minuto de publicidade em seus v\u00eddeos custa R$ 140 mil. Ele mora numa mans\u00e3o na Barra (Rio), apelidada de \u201cNetoland\u201d e j\u00e1 abriu a carteira at\u00e9 para ajudar o Botafogo a contratar um atacante.<\/p>\n<p style=\"text-align: center;\"><strong>Premia\u00e7\u00e3o<\/strong><\/p>\n<p style=\"text-align: center;\">A bonita e elegante presidente da Associa\u00e7\u00e3o de Belas Artes Ant\u00f4nio Parreiras assessorada pela secret\u00e1ria Silvana Paiva Pinto, promove na 2\u00aa feira, 31 de maio, as 14hs, a premia\u00e7\u00e3o n\u00e3o competitiva dos artistas inscritos no Panorama Das Artes com o tema Juiz de Fora, ontem, hoje \u00e9 sempre. Este colunista como padrinho da entidade far\u00e1 o sorteio de 500 reais para os participantes.<\/p>\n<div id=\"attachment_183099\" style=\"width: 690px\" class=\"wp-caption aligncenter\"><img loading=\"lazy\" decoding=\"async\" aria-describedby=\"caption-attachment-183099\" class=\"wp-image-183099\" src=\"https:\/\/diarioregionaldigital.com.br\/wp-content\/uploads\/2021\/05\/fotoaa-3-e1622148643308.jpeg\" alt=\"\" width=\"680\" height=\"493\" srcset=\"https:\/\/diarioregionaldigital.com.br\/wp-content\/uploads\/2021\/05\/fotoaa-3-e1622148643308.jpeg 819w, https:\/\/diarioregionaldigital.com.br\/wp-content\/uploads\/2021\/05\/fotoaa-3-e1622148643308-300x218.jpeg 300w, https:\/\/diarioregionaldigital.com.br\/wp-content\/uploads\/2021\/05\/fotoaa-3-e1622148643308-768x557.jpeg 768w, https:\/\/diarioregionaldigital.com.br\/wp-content\/uploads\/2021\/05\/fotoaa-3-e1622148643308-360x261.jpeg 360w\" sizes=\"auto, (max-width: 680px) 100vw, 680px\" \/><p id=\"caption-attachment-183099\" class=\"wp-caption-text\">O colunista Eduardo Gomes com a artista pl\u00e1stica Irene Barros<\/p><\/div>\n<div id=\"attachment_183098\" style=\"width: 690px\" class=\"wp-caption aligncenter\"><img loading=\"lazy\" decoding=\"async\" aria-describedby=\"caption-attachment-183098\" class=\"wp-image-183098\" src=\"https:\/\/diarioregionaldigital.com.br\/wp-content\/uploads\/2021\/05\/fotoa-14-e1622148619789.jpg\" alt=\"\" width=\"680\" height=\"493\" srcset=\"https:\/\/diarioregionaldigital.com.br\/wp-content\/uploads\/2021\/05\/fotoa-14-e1622148619789.jpg 639w, https:\/\/diarioregionaldigital.com.br\/wp-content\/uploads\/2021\/05\/fotoa-14-e1622148619789-300x217.jpg 300w, https:\/\/diarioregionaldigital.com.br\/wp-content\/uploads\/2021\/05\/fotoa-14-e1622148619789-360x261.jpg 360w\" sizes=\"auto, (max-width: 680px) 100vw, 680px\" \/><p id=\"caption-attachment-183098\" class=\"wp-caption-text\">Encerrando o M\u00eas das M\u00e3es, a classe eleg\u00e2ncia e refinamento da advogada Jane Gouv\u00eaa Sotto Maior<\/p><\/div>\n<div id=\"attachment_183100\" style=\"width: 690px\" class=\"wp-caption aligncenter\"><img loading=\"lazy\" decoding=\"async\" aria-describedby=\"caption-attachment-183100\" class=\"wp-image-183100\" src=\"https:\/\/diarioregionaldigital.com.br\/wp-content\/uploads\/2021\/05\/fotobb-1-e1622148663938.jpeg\" alt=\"\" width=\"680\" height=\"488\" srcset=\"https:\/\/diarioregionaldigital.com.br\/wp-content\/uploads\/2021\/05\/fotobb-1-e1622148663938.jpeg 721w, https:\/\/diarioregionaldigital.com.br\/wp-content\/uploads\/2021\/05\/fotobb-1-e1622148663938-300x215.jpeg 300w, https:\/\/diarioregionaldigital.com.br\/wp-content\/uploads\/2021\/05\/fotobb-1-e1622148663938-360x258.jpeg 360w\" sizes=\"auto, (max-width: 680px) 100vw, 680px\" \/><p id=\"caption-attachment-183100\" class=\"wp-caption-text\">Cristiano Toledo festejando o anivers\u00e1rio da bonita Eliza Esteves (33 anos),em grande estilo<\/p><\/div>\n<div id=\"attachment_183101\" style=\"width: 690px\" class=\"wp-caption aligncenter\"><img loading=\"lazy\" decoding=\"async\" aria-describedby=\"caption-attachment-183101\" class=\"wp-image-183101\" src=\"https:\/\/diarioregionaldigital.com.br\/wp-content\/uploads\/2021\/05\/fotoc-17-e1622148677724.jpg\" alt=\"\" width=\"680\" height=\"462\" srcset=\"https:\/\/diarioregionaldigital.com.br\/wp-content\/uploads\/2021\/05\/fotoc-17-e1622148677724.jpg 1422w, https:\/\/diarioregionaldigital.com.br\/wp-content\/uploads\/2021\/05\/fotoc-17-e1622148677724-300x204.jpg 300w, https:\/\/diarioregionaldigital.com.br\/wp-content\/uploads\/2021\/05\/fotoc-17-e1622148677724-1024x696.jpg 1024w, https:\/\/diarioregionaldigital.com.br\/wp-content\/uploads\/2021\/05\/fotoc-17-e1622148677724-768x522.jpg 768w, https:\/\/diarioregionaldigital.com.br\/wp-content\/uploads\/2021\/05\/fotoc-17-e1622148677724-360x245.jpg 360w\" sizes=\"auto, (max-width: 680px) 100vw, 680px\" \/><p id=\"caption-attachment-183101\" class=\"wp-caption-text\">No M\u00eas do anivers\u00e1rio de Juiz de Fora (31) destacamos o presidente do Sinteac, S\u00e9rgio Felix<\/p><\/div>\n<div id=\"attachment_183102\" style=\"width: 702px\" class=\"wp-caption aligncenter\"><img loading=\"lazy\" decoding=\"async\" aria-describedby=\"caption-attachment-183102\" class=\"wp-image-183102 size-full\" src=\"https:\/\/diarioregionaldigital.com.br\/wp-content\/uploads\/2021\/05\/fotod-17-e1622148691117.jpg\" alt=\"\" width=\"692\" height=\"487\" srcset=\"https:\/\/diarioregionaldigital.com.br\/wp-content\/uploads\/2021\/05\/fotod-17-e1622148691117.jpg 692w, https:\/\/diarioregionaldigital.com.br\/wp-content\/uploads\/2021\/05\/fotod-17-e1622148691117-300x210.jpg 300w, https:\/\/diarioregionaldigital.com.br\/wp-content\/uploads\/2021\/05\/fotod-17-e1622148691117-360x253.jpg 360w, https:\/\/diarioregionaldigital.com.br\/wp-content\/uploads\/2021\/05\/fotod-17-e1622148691117-100x70.jpg 100w\" sizes=\"auto, (max-width: 692px) 100vw, 692px\" \/><p id=\"caption-attachment-183102\" class=\"wp-caption-text\">Mulheres empoderadas, a escritora Angelina Nardy com as filhas: Luciana, Cl\u00e1udia e No\u00eamia Nardy<\/p><\/div>\n<div id=\"attachment_183105\" style=\"width: 690px\" class=\"wp-caption aligncenter\"><img loading=\"lazy\" decoding=\"async\" aria-describedby=\"caption-attachment-183105\" class=\"wp-image-183105\" src=\"https:\/\/diarioregionaldigital.com.br\/wp-content\/uploads\/2021\/05\/fotog-15-e1622148761976.jpg\" alt=\"\" width=\"680\" height=\"486\" srcset=\"https:\/\/diarioregionaldigital.com.br\/wp-content\/uploads\/2021\/05\/fotog-15-e1622148761976.jpg 526w, https:\/\/diarioregionaldigital.com.br\/wp-content\/uploads\/2021\/05\/fotog-15-e1622148761976-300x214.jpg 300w, https:\/\/diarioregionaldigital.com.br\/wp-content\/uploads\/2021\/05\/fotog-15-e1622148761976-360x257.jpg 360w, https:\/\/diarioregionaldigital.com.br\/wp-content\/uploads\/2021\/05\/fotog-15-e1622148761976-100x70.jpg 100w\" sizes=\"auto, (max-width: 680px) 100vw, 680px\" \/><p id=\"caption-attachment-183105\" class=\"wp-caption-text\">Nos bons tempos da Feijoada da OAB\/JF, na Esta\u00e7\u00e3o S\u00e3o Pedro, \u00c2ngela Lopes e Jos\u00e9 Godeiro<\/p><\/div>\n<div id=\"attachment_183104\" style=\"width: 690px\" class=\"wp-caption aligncenter\"><img loading=\"lazy\" decoding=\"async\" aria-describedby=\"caption-attachment-183104\" class=\"wp-image-183104\" src=\"https:\/\/diarioregionaldigital.com.br\/wp-content\/uploads\/2021\/05\/fotof-e1622148739812.jpeg\" alt=\"\" width=\"680\" height=\"486\" srcset=\"https:\/\/diarioregionaldigital.com.br\/wp-content\/uploads\/2021\/05\/fotof-e1622148739812.jpeg 683w, https:\/\/diarioregionaldigital.com.br\/wp-content\/uploads\/2021\/05\/fotof-e1622148739812-300x214.jpeg 300w, https:\/\/diarioregionaldigital.com.br\/wp-content\/uploads\/2021\/05\/fotof-e1622148739812-360x257.jpeg 360w, https:\/\/diarioregionaldigital.com.br\/wp-content\/uploads\/2021\/05\/fotof-e1622148739812-100x70.jpeg 100w\" sizes=\"auto, (max-width: 680px) 100vw, 680px\" \/><p id=\"caption-attachment-183104\" class=\"wp-caption-text\">Comemorando O M\u00eas das M\u00e3es a m\u00e9dica oftalmologista Gislaine Sanglard com os filhos Pedro e Henrique<\/p><\/div>\n<div id=\"attachment_183103\" style=\"width: 690px\" class=\"wp-caption aligncenter\"><img loading=\"lazy\" decoding=\"async\" aria-describedby=\"caption-attachment-183103\" class=\"wp-image-183103\" src=\"https:\/\/diarioregionaldigital.com.br\/wp-content\/uploads\/2021\/05\/fotoe-16-e1622148714969.jpg\" alt=\"\" width=\"680\" height=\"468\" srcset=\"https:\/\/diarioregionaldigital.com.br\/wp-content\/uploads\/2021\/05\/fotoe-16-e1622148714969.jpg 988w, https:\/\/diarioregionaldigital.com.br\/wp-content\/uploads\/2021\/05\/fotoe-16-e1622148714969-300x206.jpg 300w, https:\/\/diarioregionaldigital.com.br\/wp-content\/uploads\/2021\/05\/fotoe-16-e1622148714969-768x529.jpg 768w, https:\/\/diarioregionaldigital.com.br\/wp-content\/uploads\/2021\/05\/fotoe-16-e1622148714969-360x248.jpg 360w, https:\/\/diarioregionaldigital.com.br\/wp-content\/uploads\/2021\/05\/fotoe-16-e1622148714969-100x70.jpg 100w\" sizes=\"auto, (max-width: 680px) 100vw, 680px\" \/><p id=\"caption-attachment-183103\" class=\"wp-caption-text\">No rec\u00e9m fechado Espa\u00e7o Excalibur: Nequitz Miguel, M\u00e1rcia Quitz e Marc\u00edlio Gomes<\/p><\/div>\n<p style=\"text-align: center;\"><strong>FOTOSS\u00cdNTESE<\/strong><\/p>\n<p>O show tem que continuar e, nesta 6\u00aa feira (28), as 20h tem Ronaldo Miana e a Banda Mehana com Bruno Amaral, Rafhael Lamin, Leandro Scio, Rog\u00e9rio Nascimento e participa\u00e7\u00f5es de Lorena Fernandes , T\u00e2mara Lessa, Mariana Gasparetto Brand\u00e3o e Wendel Rodrigues. Eles far\u00e3o releituras do Rock dos anos 60,70 e 80 e autorais Apresenta\u00e7\u00e3o de Sula Miana com imagem e transmiss\u00e3o da Impacto. A renda ser\u00e1 para o Abrigo Santa Helena.<\/p>\n<p>O torneiro de E-Sports da PJF j\u00e1 come\u00e7ou semana passada. Game Fifa21 tem 37 inscritos logo na primeira edi\u00e7\u00e3o.<\/p>\n<p>Sem fiscaliza\u00e7\u00e3o, os camel\u00f4s dan\u00e7am e rolam na Av. Rio Branco no espa\u00e7o entre a rua Floriano Peixoto at\u00e9 a Av. Itamar Franco. Tem de tudo com muita aglomera\u00e7\u00e3o e falta de espa\u00e7o para o p\u00fablico passar.<\/p>\n<p>O professor e historiador Alex Bohrer orientou um grupo de pesquisa do IF Sudeste na reconstru\u00e7\u00e3o da Pra\u00e7a Tiradentes. O projeto deu origem ao v\u00eddeo \u201cUma incr\u00edvel viagem 3D por Ouro Preto no s\u00e9culo XVIII\u201d.<\/p>\n<p>A bonita Sandra Nandes passa temporada fazendo assessoria para a Vag\u00e3o de Pizza.<\/p>\n<p>Acreditando no rubro negro, o ABC da Constru\u00e7\u00e3o \u00e9 mais novo patrocinador do Flamengo. At\u00e9 dezembro vai estampar sua marca no cal\u00e7\u00e3o do mais querido.<\/p>\n<p>Reforma Intima: Quando fazemos um bom trabalho e bem feito ser\u00e1 sua m\u00e3e e seu pai que se deixar\u00e1 tocar por tudo isso. Os amigos tamb\u00e9m! Bom dia.<\/p>\n<p><img loading=\"lazy\" decoding=\"async\" class=\"aligncenter size-full wp-image-183158\" src=\"https:\/\/diarioregionaldigital.com.br\/wp-content\/uploads\/2021\/05\/anuncio43-scaled.jpg\" alt=\"\" width=\"2560\" height=\"952\" srcset=\"https:\/\/diarioregionaldigital.com.br\/wp-content\/uploads\/2021\/05\/anuncio43-scaled.jpg 2560w, https:\/\/diarioregionaldigital.com.br\/wp-content\/uploads\/2021\/05\/anuncio43-300x112.jpg 300w, https:\/\/diarioregionaldigital.com.br\/wp-content\/uploads\/2021\/05\/anuncio43-1024x381.jpg 1024w, https:\/\/diarioregionaldigital.com.br\/wp-content\/uploads\/2021\/05\/anuncio43-768x286.jpg 768w, https:\/\/diarioregionaldigital.com.br\/wp-content\/uploads\/2021\/05\/anuncio43-1536x571.jpg 1536w, https:\/\/diarioregionaldigital.com.br\/wp-content\/uploads\/2021\/05\/anuncio43-2048x762.jpg 2048w, https:\/\/diarioregionaldigital.com.br\/wp-content\/uploads\/2021\/05\/anuncio43-360x134.jpg 360w\" sizes=\"auto, (max-width: 2560px) 100vw, 2560px\" \/><\/p>\n","protected":false},"excerpt":{"rendered":"<p>Concorr\u00eancia Usando como arma o contra ataque digital dos bancos \u00e0s fintechs, os grandes It\u00e1u e Bradesco reagem \u00e0 concorr\u00eancia das fintechs com bra\u00e7os digitais. Os dois tem juntos 1,4 milh\u00f5es de clientes on-line, 80% deles sem liga\u00e7\u00e3o com a opera\u00e7\u00e3o tradicional de ag\u00eancia Voc\u00ea Sabia? O Facebook est\u00e1 negociando uma parceria com a Cielo. [&hellip;]<\/p>\n","protected":false},"author":253,"featured_media":183099,"comment_status":"closed","ping_status":"closed","sticky":false,"template":"","format":"standard","meta":{"footnotes":""},"categories":[264],"tags":[],"class_list":["post-183159","post","type-post","status-publish","format-standard","has-post-thumbnail","hentry","category-eduardo-gomes"],"_links":{"self":[{"href":"https:\/\/diarioregionaldigital.com.br\/index.php?rest_route=\/wp\/v2\/posts\/183159","targetHints":{"allow":["GET"]}}],"collection":[{"href":"https:\/\/diarioregionaldigital.com.br\/index.php?rest_route=\/wp\/v2\/posts"}],"about":[{"href":"https:\/\/diarioregionaldigital.com.br\/index.php?rest_route=\/wp\/v2\/types\/post"}],"author":[{"embeddable":true,"href":"https:\/\/diarioregionaldigital.com.br\/index.php?rest_route=\/wp\/v2\/users\/253"}],"replies":[{"embeddable":true,"href":"https:\/\/diarioregionaldigital.com.br\/index.php?rest_route=%2Fwp%2Fv2%2Fcomments&post=183159"}],"version-history":[{"count":1,"href":"https:\/\/diarioregionaldigital.com.br\/index.php?rest_route=\/wp\/v2\/posts\/183159\/revisions"}],"predecessor-version":[{"id":183160,"href":"https:\/\/diarioregionaldigital.com.br\/index.php?rest_route=\/wp\/v2\/posts\/183159\/revisions\/183160"}],"wp:featuredmedia":[{"embeddable":true,"href":"https:\/\/diarioregionaldigital.com.br\/index.php?rest_route=\/wp\/v2\/media\/183099"}],"wp:attachment":[{"href":"https:\/\/diarioregionaldigital.com.br\/index.php?rest_route=%2Fwp%2Fv2%2Fmedia&parent=183159"}],"wp:term":[{"taxonomy":"category","embeddable":true,"href":"https:\/\/diarioregionaldigital.com.br\/index.php?rest_route=%2Fwp%2Fv2%2Fcategories&post=183159"},{"taxonomy":"post_tag","embeddable":true,"href":"https:\/\/diarioregionaldigital.com.br\/index.php?rest_route=%2Fwp%2Fv2%2Ftags&post=183159"}],"curies":[{"name":"wp","href":"https:\/\/api.w.org\/{rel}","templated":true}]}}