{"id":183151,"date":"2021-05-27T22:54:42","date_gmt":"2021-05-28T01:54:42","guid":{"rendered":"https:\/\/diarioregionaldigital.com.br\/?p=183151"},"modified":"2021-05-27T22:54:42","modified_gmt":"2021-05-28T01:54:42","slug":"minas-gerais-ultrapassa-a-marca-de-1-milhao-e-500-mil-notificacoes-por-covid-19","status":"publish","type":"post","link":"https:\/\/diarioregionaldigital.com.br\/?p=183151","title":{"rendered":"Minas Gerais ultrapassa a marca de 1 milh\u00e3o e 500 mil notifica\u00e7\u00f5es por Covid-19"},"content":{"rendered":"<p>A Secretaria de Estado da Sa\u00fade de Minas Gerais (SES-MG), publicou nesta quinta-feira (27), o novo <a href=\"https:\/\/coronavirus.saude.mg.gov.br\/images\/1_2021\/01-boletim\/05-maio\/27-05-COVID-19_BOLETIM20210527-RETIFICADO.pdf\">boletim<\/a> referente ao Coronav\u00edrus. O levantamento aponta que o estado notificou mais 9.590\u00a0 novos casos da doen\u00e7a, totalizando 1.545.702 pessoas infectadas. Os dados indicam que foram registradas mais 244 mortes, contabilizando 39.784 \u00f3bitos.<\/p>\n<p>Al\u00e9m disso, 1.420.363 pacientes est\u00e3o recuperados da doen\u00e7a, representando 91,9 % dos casos. Quanto aos dados de hospitaliza\u00e7\u00e3o, 134.995 estiveram internados e 1.410.707 estiveram em isolamento domiciliar. At\u00e9 o momento, 4.714.937 pessoas receberam a primeira dose da vacina e 2.314.689 a segunda.<\/p>\n","protected":false},"excerpt":{"rendered":"<p>A Secretaria de Estado da Sa\u00fade de Minas Gerais (SES-MG), publicou nesta quinta-feira (27), o novo boletim referente ao Coronav\u00edrus. O levantamento aponta que o estado notificou mais 9.590\u00a0 novos casos da doen\u00e7a, totalizando 1.545.702 pessoas infectadas. Os dados indicam que foram registradas mais 244 mortes, contabilizando 39.784 \u00f3bitos. Al\u00e9m disso, 1.420.363 pacientes est\u00e3o recuperados [&hellip;]<\/p>\n","protected":false},"author":246,"featured_media":183153,"comment_status":"closed","ping_status":"closed","sticky":false,"template":"","format":"standard","meta":{"footnotes":""},"categories":[252,439],"tags":[],"class_list":["post-183151","post","type-post","status-publish","format-standard","has-post-thumbnail","hentry","category-regiao","category-ultima-hora"],"_links":{"self":[{"href":"https:\/\/diarioregionaldigital.com.br\/index.php?rest_route=\/wp\/v2\/posts\/183151","targetHints":{"allow":["GET"]}}],"collection":[{"href":"https:\/\/diarioregionaldigital.com.br\/index.php?rest_route=\/wp\/v2\/posts"}],"about":[{"href":"https:\/\/diarioregionaldigital.com.br\/index.php?rest_route=\/wp\/v2\/types\/post"}],"author":[{"embeddable":true,"href":"https:\/\/diarioregionaldigital.com.br\/index.php?rest_route=\/wp\/v2\/users\/246"}],"replies":[{"embeddable":true,"href":"https:\/\/diarioregionaldigital.com.br\/index.php?rest_route=%2Fwp%2Fv2%2Fcomments&post=183151"}],"version-history":[{"count":1,"href":"https:\/\/diarioregionaldigital.com.br\/index.php?rest_route=\/wp\/v2\/posts\/183151\/revisions"}],"predecessor-version":[{"id":183154,"href":"https:\/\/diarioregionaldigital.com.br\/index.php?rest_route=\/wp\/v2\/posts\/183151\/revisions\/183154"}],"wp:featuredmedia":[{"embeddable":true,"href":"https:\/\/diarioregionaldigital.com.br\/index.php?rest_route=\/wp\/v2\/media\/183153"}],"wp:attachment":[{"href":"https:\/\/diarioregionaldigital.com.br\/index.php?rest_route=%2Fwp%2Fv2%2Fmedia&parent=183151"}],"wp:term":[{"taxonomy":"category","embeddable":true,"href":"https:\/\/diarioregionaldigital.com.br\/index.php?rest_route=%2Fwp%2Fv2%2Fcategories&post=183151"},{"taxonomy":"post_tag","embeddable":true,"href":"https:\/\/diarioregionaldigital.com.br\/index.php?rest_route=%2Fwp%2Fv2%2Ftags&post=183151"}],"curies":[{"name":"wp","href":"https:\/\/api.w.org\/{rel}","templated":true}]}}