{"id":183147,"date":"2021-05-27T19:02:21","date_gmt":"2021-05-27T22:02:21","guid":{"rendered":"https:\/\/diarioregionaldigital.com.br\/?p=183147"},"modified":"2021-05-27T19:02:21","modified_gmt":"2021-05-27T22:02:21","slug":"pcmg-prende-tres-suspeitos-por-trafico-durante-operacao-na-zona-norte","status":"publish","type":"post","link":"https:\/\/diarioregionaldigital.com.br\/?p=183147","title":{"rendered":"PCMG prende tr\u00eas suspeitos por tr\u00e1fico durante opera\u00e7\u00e3o na Zona Norte"},"content":{"rendered":"<p>Nesta quinta-feira (27\/5), a Pol\u00edcia Civil de Minas Gerais desencadeou uma opera\u00e7\u00e3o visando combater o tr\u00e1fico il\u00edcito de drogas, no munic\u00edpio de Juiz de Fora, na Zona da Mata mineira. Ap\u00f3s trabalhos investigativos, policiais civis da Delegacia de Combate ao Narcotr\u00e1fico prenderam tr\u00eas suspeitos, de 20, 26 e 35 anos, pela pr\u00e1tica dos crimes de tr\u00e1fico de drogas e de porte ilegal de arma de fogo.<\/p>\n<p>Conforme informa\u00e7\u00f5es da assessoria, os investigados foram localizados em uma resid\u00eancia situada no bairro Monte Castelo, na Zona Norte da cidade, onde a Pol\u00edcia Civil tamb\u00e9m apreendeu duas pedras brutas de crack, uma barra de maconha e duas por\u00e7\u00f5es fracionadas da mesma droga, bem como um rev\u00f3lver calibre 38 municiado com seis muni\u00e7\u00f5es e dois carros.<\/p>\n<p>Segundo o delegado Rafael Gomes, a Pol\u00edcia Civil tem desencadeado sucessivas opera\u00e7\u00f5es no enfrentamento do com\u00e9rcio ilegal de entorpecentes em Juiz de Fora. \u201cDesde o m\u00eas de fevereiro, 88 suspeitos j\u00e1 foram presos, durante uma s\u00e9rie de a\u00e7\u00f5es deflagradas na cidade. E, por meio de um minucioso trabalho de investiga\u00e7\u00f5es, continuaremos nesse combate incessante com a realiza\u00e7\u00e3o de outras opera\u00e7\u00f5es\u201d, conclui.<\/p>\n","protected":false},"excerpt":{"rendered":"<p>Nesta quinta-feira (27\/5), a Pol\u00edcia Civil de Minas Gerais desencadeou uma opera\u00e7\u00e3o visando combater o tr\u00e1fico il\u00edcito de drogas, no munic\u00edpio de Juiz de Fora, na Zona da Mata mineira. Ap\u00f3s trabalhos investigativos, policiais civis da Delegacia de Combate ao Narcotr\u00e1fico prenderam tr\u00eas suspeitos, de 20, 26 e 35 anos, pela pr\u00e1tica dos crimes de [&hellip;]<\/p>\n","protected":false},"author":246,"featured_media":183148,"comment_status":"closed","ping_status":"closed","sticky":false,"template":"","format":"standard","meta":{"footnotes":""},"categories":[301,1229],"tags":[],"class_list":["post-183147","post","type-post","status-publish","format-standard","has-post-thumbnail","hentry","category-artigos-policiais","category-policial"],"_links":{"self":[{"href":"https:\/\/diarioregionaldigital.com.br\/index.php?rest_route=\/wp\/v2\/posts\/183147","targetHints":{"allow":["GET"]}}],"collection":[{"href":"https:\/\/diarioregionaldigital.com.br\/index.php?rest_route=\/wp\/v2\/posts"}],"about":[{"href":"https:\/\/diarioregionaldigital.com.br\/index.php?rest_route=\/wp\/v2\/types\/post"}],"author":[{"embeddable":true,"href":"https:\/\/diarioregionaldigital.com.br\/index.php?rest_route=\/wp\/v2\/users\/246"}],"replies":[{"embeddable":true,"href":"https:\/\/diarioregionaldigital.com.br\/index.php?rest_route=%2Fwp%2Fv2%2Fcomments&post=183147"}],"version-history":[{"count":1,"href":"https:\/\/diarioregionaldigital.com.br\/index.php?rest_route=\/wp\/v2\/posts\/183147\/revisions"}],"predecessor-version":[{"id":183149,"href":"https:\/\/diarioregionaldigital.com.br\/index.php?rest_route=\/wp\/v2\/posts\/183147\/revisions\/183149"}],"wp:featuredmedia":[{"embeddable":true,"href":"https:\/\/diarioregionaldigital.com.br\/index.php?rest_route=\/wp\/v2\/media\/183148"}],"wp:attachment":[{"href":"https:\/\/diarioregionaldigital.com.br\/index.php?rest_route=%2Fwp%2Fv2%2Fmedia&parent=183147"}],"wp:term":[{"taxonomy":"category","embeddable":true,"href":"https:\/\/diarioregionaldigital.com.br\/index.php?rest_route=%2Fwp%2Fv2%2Fcategories&post=183147"},{"taxonomy":"post_tag","embeddable":true,"href":"https:\/\/diarioregionaldigital.com.br\/index.php?rest_route=%2Fwp%2Fv2%2Ftags&post=183147"}],"curies":[{"name":"wp","href":"https:\/\/api.w.org\/{rel}","templated":true}]}}