{"id":183143,"date":"2021-05-27T18:58:49","date_gmt":"2021-05-27T21:58:49","guid":{"rendered":"https:\/\/diarioregionaldigital.com.br\/?p=183143"},"modified":"2021-05-27T18:58:49","modified_gmt":"2021-05-27T21:58:49","slug":"fiscalizacao-em-bairros-com-maior-fluxo-de-veiculos-e-intensificada-pelos-agentes-de-transporte-e-transito","status":"publish","type":"post","link":"https:\/\/diarioregionaldigital.com.br\/?p=183143","title":{"rendered":"Fiscaliza\u00e7\u00e3o em bairros com maior fluxo de ve\u00edculos \u00e9 intensificada pelos agentes de transporte e tr\u00e2nsito"},"content":{"rendered":"<p>Nesta quarta-feira, 26, o bairro Benfica recebeu uma opera\u00e7\u00e3o especial dos agentes de transporte e tr\u00e2nsito da Secretaria de Mobilidade Urbana (SMU). Os agentes ajudaram na travessia de pedestres nas faixas de seguran\u00e7a, orientaram motoristas, coibiram infra\u00e7\u00f5es e realizaram o registro de algumas irregularidades, durante a presen\u00e7a no local.<\/p>\n<p>Segundo informa\u00e7\u00f5es do site da Prefeitura de Juiz de Fora, a maioria das infra\u00e7\u00f5es flagradas foram de estacionamento irregular nas seguintes situa\u00e7\u00f5es: ve\u00edculos estacionados em vaga exclusiva para carga e descarga e vagas rotativas (\u00e1rea azul); em local com proibi\u00e7\u00e3o de estacionamento; em ponto de \u00f4nibus e sobre marcas de canaliza\u00e7\u00e3o da via. Entre os ve\u00edculos em movimento, foram constatadas irregularidades como n\u00e3o utiliza\u00e7\u00e3o do cinto de seguran\u00e7a; condutores fazendo uso de aparelho de telefone celular; e motociclistas utilizando capacete com a viseira levantada sem estarem com \u00f3culos de prote\u00e7\u00e3o.<\/p>\n<p>Durante a fiscaliza\u00e7\u00e3o ostensiva, os agentes de transporte e tr\u00e2nsito tamb\u00e9m fizeram levantamento de sinaliza\u00e7\u00f5es vandalizadas, danificadas ou subtra\u00eddas para que o setor respons\u00e1vel possa fazer as devidas substitui\u00e7\u00f5es.<\/p>\n","protected":false},"excerpt":{"rendered":"<p>Nesta quarta-feira, 26, o bairro Benfica recebeu uma opera\u00e7\u00e3o especial dos agentes de transporte e tr\u00e2nsito da Secretaria de Mobilidade Urbana (SMU). Os agentes ajudaram na travessia de pedestres nas faixas de seguran\u00e7a, orientaram motoristas, coibiram infra\u00e7\u00f5es e realizaram o registro de algumas irregularidades, durante a presen\u00e7a no local. Segundo informa\u00e7\u00f5es do site da Prefeitura [&hellip;]<\/p>\n","protected":false},"author":246,"featured_media":183144,"comment_status":"closed","ping_status":"closed","sticky":false,"template":"","format":"standard","meta":{"footnotes":""},"categories":[253,436,439],"tags":[],"class_list":["post-183143","post","type-post","status-publish","format-standard","has-post-thumbnail","hentry","category-cidade","category-destaque-da-semana","category-ultima-hora"],"_links":{"self":[{"href":"https:\/\/diarioregionaldigital.com.br\/index.php?rest_route=\/wp\/v2\/posts\/183143","targetHints":{"allow":["GET"]}}],"collection":[{"href":"https:\/\/diarioregionaldigital.com.br\/index.php?rest_route=\/wp\/v2\/posts"}],"about":[{"href":"https:\/\/diarioregionaldigital.com.br\/index.php?rest_route=\/wp\/v2\/types\/post"}],"author":[{"embeddable":true,"href":"https:\/\/diarioregionaldigital.com.br\/index.php?rest_route=\/wp\/v2\/users\/246"}],"replies":[{"embeddable":true,"href":"https:\/\/diarioregionaldigital.com.br\/index.php?rest_route=%2Fwp%2Fv2%2Fcomments&post=183143"}],"version-history":[{"count":2,"href":"https:\/\/diarioregionaldigital.com.br\/index.php?rest_route=\/wp\/v2\/posts\/183143\/revisions"}],"predecessor-version":[{"id":183146,"href":"https:\/\/diarioregionaldigital.com.br\/index.php?rest_route=\/wp\/v2\/posts\/183143\/revisions\/183146"}],"wp:featuredmedia":[{"embeddable":true,"href":"https:\/\/diarioregionaldigital.com.br\/index.php?rest_route=\/wp\/v2\/media\/183144"}],"wp:attachment":[{"href":"https:\/\/diarioregionaldigital.com.br\/index.php?rest_route=%2Fwp%2Fv2%2Fmedia&parent=183143"}],"wp:term":[{"taxonomy":"category","embeddable":true,"href":"https:\/\/diarioregionaldigital.com.br\/index.php?rest_route=%2Fwp%2Fv2%2Fcategories&post=183143"},{"taxonomy":"post_tag","embeddable":true,"href":"https:\/\/diarioregionaldigital.com.br\/index.php?rest_route=%2Fwp%2Fv2%2Ftags&post=183143"}],"curies":[{"name":"wp","href":"https:\/\/api.w.org\/{rel}","templated":true}]}}