{"id":183139,"date":"2021-05-27T18:55:05","date_gmt":"2021-05-27T21:55:05","guid":{"rendered":"https:\/\/diarioregionaldigital.com.br\/?p=183139"},"modified":"2021-05-27T18:55:05","modified_gmt":"2021-05-27T21:55:05","slug":"profissionais-da-seguranca-do-trabalho-do-demlurb-sao-recebidos-no-canil-municipal","status":"publish","type":"post","link":"https:\/\/diarioregionaldigital.com.br\/?p=183139","title":{"rendered":"Profissionais da Seguran\u00e7a do Trabalho do Demlurb s\u00e3o recebidos no Canil Municipal"},"content":{"rendered":"<p>O Canil Municipal da Prefeitura de Juiz de Fora (PJF) recebeu, nesta quinta-feira, 27, a equipe de Seguran\u00e7a do Trabalho do Departamento Municipal de Limpeza Urbana (Demlurb) que tem visitado v\u00e1rios setores para levar orienta\u00e7\u00f5es aos profissionais sobre os cuidados indispens\u00e1veis em suas \u00e1reas de atua\u00e7\u00e3o.<\/p>\n<p>Segundo informa\u00e7\u00f5es do site da Prefeitura de Juiz de Fora, durante o encontro, o t\u00e9cnico em seguran\u00e7a do trabalho do Demlurb, Jos\u00e9 Carlos Muniz, tratou sobre a import\u00e2ncia do uso de Equipamentos de Prote\u00e7\u00e3o Individual (EPIs) como forma de evitar poss\u00edveis acidentes de trabalho. A aten\u00e7\u00e3o com os animais tamb\u00e9m foi um dos assuntos tratados, como a import\u00e2ncia de se manter a higiene deles e dos locais em que eles ficam abrigados, os cuidados ao manuse\u00e1-los, evitando mordidas e arranh\u00f5es, e a necessidade de separ\u00e1-los por tamanho.<\/p>\n<p>Para a diretora do Canil Municipal, Rond\u00f4nia Tassi Muniz, \u201co encontro foi proveitoso e muito importante para que os profissionais se sentissem acolhidos, al\u00e9m de proporcionar a eles a oportunidade de esclarecer d\u00favidas relacionadas \u00e0 seguran\u00e7a no trabalho\u201d.<\/p>\n<p>Atualmente, o Canil Municipal conta com 38 trabalhadores entre auxiliares de servi\u00e7os gerais, veterin\u00e1rios e estagi\u00e1rios que s\u00e3o respons\u00e1veis por proporcionar cuidado e acolhimento a 759 c\u00e3es adultos e 56 filhotes, 89 felinos adultos e 39 filhotes, al\u00e9m de tr\u00eas equinos.<\/p>\n","protected":false},"excerpt":{"rendered":"<p>O Canil Municipal da Prefeitura de Juiz de Fora (PJF) recebeu, nesta quinta-feira, 27, a equipe de Seguran\u00e7a do Trabalho do Departamento Municipal de Limpeza Urbana (Demlurb) que tem visitado v\u00e1rios setores para levar orienta\u00e7\u00f5es aos profissionais sobre os cuidados indispens\u00e1veis em suas \u00e1reas de atua\u00e7\u00e3o. Segundo informa\u00e7\u00f5es do site da Prefeitura de Juiz de [&hellip;]<\/p>\n","protected":false},"author":246,"featured_media":183140,"comment_status":"closed","ping_status":"closed","sticky":false,"template":"","format":"standard","meta":{"footnotes":""},"categories":[253,436,439],"tags":[],"class_list":["post-183139","post","type-post","status-publish","format-standard","has-post-thumbnail","hentry","category-cidade","category-destaque-da-semana","category-ultima-hora"],"_links":{"self":[{"href":"https:\/\/diarioregionaldigital.com.br\/index.php?rest_route=\/wp\/v2\/posts\/183139","targetHints":{"allow":["GET"]}}],"collection":[{"href":"https:\/\/diarioregionaldigital.com.br\/index.php?rest_route=\/wp\/v2\/posts"}],"about":[{"href":"https:\/\/diarioregionaldigital.com.br\/index.php?rest_route=\/wp\/v2\/types\/post"}],"author":[{"embeddable":true,"href":"https:\/\/diarioregionaldigital.com.br\/index.php?rest_route=\/wp\/v2\/users\/246"}],"replies":[{"embeddable":true,"href":"https:\/\/diarioregionaldigital.com.br\/index.php?rest_route=%2Fwp%2Fv2%2Fcomments&post=183139"}],"version-history":[{"count":2,"href":"https:\/\/diarioregionaldigital.com.br\/index.php?rest_route=\/wp\/v2\/posts\/183139\/revisions"}],"predecessor-version":[{"id":183142,"href":"https:\/\/diarioregionaldigital.com.br\/index.php?rest_route=\/wp\/v2\/posts\/183139\/revisions\/183142"}],"wp:featuredmedia":[{"embeddable":true,"href":"https:\/\/diarioregionaldigital.com.br\/index.php?rest_route=\/wp\/v2\/media\/183140"}],"wp:attachment":[{"href":"https:\/\/diarioregionaldigital.com.br\/index.php?rest_route=%2Fwp%2Fv2%2Fmedia&parent=183139"}],"wp:term":[{"taxonomy":"category","embeddable":true,"href":"https:\/\/diarioregionaldigital.com.br\/index.php?rest_route=%2Fwp%2Fv2%2Fcategories&post=183139"},{"taxonomy":"post_tag","embeddable":true,"href":"https:\/\/diarioregionaldigital.com.br\/index.php?rest_route=%2Fwp%2Fv2%2Ftags&post=183139"}],"curies":[{"name":"wp","href":"https:\/\/api.w.org\/{rel}","templated":true}]}}