{"id":183135,"date":"2021-05-27T18:48:18","date_gmt":"2021-05-27T21:48:18","guid":{"rendered":"https:\/\/diarioregionaldigital.com.br\/?p=183135"},"modified":"2021-05-27T18:48:18","modified_gmt":"2021-05-27T21:48:18","slug":"comunidade-e-recebida-pela-pjf-para-discutir-a-instalacao-de-ecoponto-na-zona-norte","status":"publish","type":"post","link":"https:\/\/diarioregionaldigital.com.br\/?p=183135","title":{"rendered":"Comunidade \u00e9 recebida pela PJF para discutir a instala\u00e7\u00e3o de ecoponto na Zona Norte"},"content":{"rendered":"<p>A Prefeitura de Juiz de Fora (PJF) planeja criar ecopontos na cidade com o objetivo de reduzir o descarte irregular de entulhos. Nesta quarta-feira, 26, moradores da Zona Norte foram apresentados \u00e0 proposta do Executivo para instala\u00e7\u00e3o de um ecoponto na Avenida Ant\u00f4nio Weitzel, entre os bairros J\u00f3quei Clube e Barbosa Lage.<\/p>\n<p>Segundo informa\u00e7\u00f5es do site da Prefeitura de Juiz de Fora, al\u00e9m de quatro representantes da Zona Norte, participaram da reuni\u00e3o a secret\u00e1ria de governo, Cidinha Louzada; a diretora geral do Departamento Municipal de Limpeza Urbana (Demlurb), Gisele Pereira Teixeira; o secret\u00e1rio de Planejamento do Territ\u00f3rio e Participa\u00e7\u00e3o Popular, Martvs das Chagas; membros do Gabinete de A\u00e7\u00e3o e Di\u00e1logo Comunit\u00e1rio (GADC); e o subsecret\u00e1rio Richard Tavares, quem coordena o GADC.<\/p>\n<p>A diretora geral do Demlurb, Gisele Pereira Teixeira, explica que os ecopontos s\u00e3o \u00e1reas destinadas para armazenamento tempor\u00e1rio de res\u00edduos volumosos, de constru\u00e7\u00e3o civil ou de res\u00edduos verdes, como folhas e \u00e1rvores. &#8220;Quando n\u00e3o h\u00e1 ecopontos nas proximidades, muitas vezes os cidad\u00e3os procuram um local impr\u00f3prio para descarte. O Demlurb mapeou as regi\u00f5es em que h\u00e1 excesso de descarte irregular e identificou que a Zona Norte seria um local estrat\u00e9gico para a instala\u00e7\u00e3o de um ecoponto\u201d, afirma Gisele.<\/p>\n<p>O ecoponto ser\u00e1 criado a partir de um termo de coopera\u00e7\u00e3o entre a MRS Log\u00edstica e a PJF, sendo que o Demlurb ficar\u00e1 encarregado pela opera\u00e7\u00e3o do equipamento. A proposta prev\u00ea a parceria com catadores e com empresas de reciclagem. Assim, tamb\u00e9m ser\u00e3o disponibilizados containers para o descarte adequado de materiais como baterias de celular, pilhas e garrafas de vidro.<\/p>\n<p>O projeto foi apresentado aos moradores, que aprovaram a ideia. \u201cAcredito que esse trabalho vai ser muito bom para a comunidade, que ter\u00e1 um lugar pr\u00f3prio para deixar os materiais\u201d, pontua Joana Rosa Silva, que mora no bairro J\u00f3quei Clube II. Esta tamb\u00e9m \u00e9 a vis\u00e3o da moradora do J\u00f3quei Clube I, Elenir Novaes: \u201cAs ruas da nossa regi\u00e3o s\u00e3o muito usadas para descarte de entulhos. O ecoponto vai ser uma luz no fim do t\u00fanel para a gente\u201d, ressalta.<\/p>\n<p>A secret\u00e1ria de governo, Cidinha Louzada, enfatiza que o ecoponto \u00e9 uma oportunidade de minimizar os problemas de descarte irregular de lixo no bairro. Cidinha refor\u00e7a, ainda, a import\u00e2ncia de dialogar com a popula\u00e7\u00e3o antes de fazer interven\u00e7\u00f5es na cidade. \u201cSempre discutimos com a comunidade o que ser\u00e1 feito. Por isso, marcamos essa reuni\u00e3o na qual os moradores presentes tiveram a responsabilidade de representar as pessoas da regi\u00e3o e de opinar sobre a instala\u00e7\u00e3o do ecoponto\u201d, explica.<\/p>\n","protected":false},"excerpt":{"rendered":"<p>A Prefeitura de Juiz de Fora (PJF) planeja criar ecopontos na cidade com o objetivo de reduzir o descarte irregular de entulhos. Nesta quarta-feira, 26, moradores da Zona Norte foram apresentados \u00e0 proposta do Executivo para instala\u00e7\u00e3o de um ecoponto na Avenida Ant\u00f4nio Weitzel, entre os bairros J\u00f3quei Clube e Barbosa Lage. Segundo informa\u00e7\u00f5es do [&hellip;]<\/p>\n","protected":false},"author":246,"featured_media":183136,"comment_status":"closed","ping_status":"closed","sticky":false,"template":"","format":"standard","meta":{"footnotes":""},"categories":[253,439],"tags":[],"class_list":["post-183135","post","type-post","status-publish","format-standard","has-post-thumbnail","hentry","category-cidade","category-ultima-hora"],"_links":{"self":[{"href":"https:\/\/diarioregionaldigital.com.br\/index.php?rest_route=\/wp\/v2\/posts\/183135","targetHints":{"allow":["GET"]}}],"collection":[{"href":"https:\/\/diarioregionaldigital.com.br\/index.php?rest_route=\/wp\/v2\/posts"}],"about":[{"href":"https:\/\/diarioregionaldigital.com.br\/index.php?rest_route=\/wp\/v2\/types\/post"}],"author":[{"embeddable":true,"href":"https:\/\/diarioregionaldigital.com.br\/index.php?rest_route=\/wp\/v2\/users\/246"}],"replies":[{"embeddable":true,"href":"https:\/\/diarioregionaldigital.com.br\/index.php?rest_route=%2Fwp%2Fv2%2Fcomments&post=183135"}],"version-history":[{"count":2,"href":"https:\/\/diarioregionaldigital.com.br\/index.php?rest_route=\/wp\/v2\/posts\/183135\/revisions"}],"predecessor-version":[{"id":183138,"href":"https:\/\/diarioregionaldigital.com.br\/index.php?rest_route=\/wp\/v2\/posts\/183135\/revisions\/183138"}],"wp:featuredmedia":[{"embeddable":true,"href":"https:\/\/diarioregionaldigital.com.br\/index.php?rest_route=\/wp\/v2\/media\/183136"}],"wp:attachment":[{"href":"https:\/\/diarioregionaldigital.com.br\/index.php?rest_route=%2Fwp%2Fv2%2Fmedia&parent=183135"}],"wp:term":[{"taxonomy":"category","embeddable":true,"href":"https:\/\/diarioregionaldigital.com.br\/index.php?rest_route=%2Fwp%2Fv2%2Fcategories&post=183135"},{"taxonomy":"post_tag","embeddable":true,"href":"https:\/\/diarioregionaldigital.com.br\/index.php?rest_route=%2Fwp%2Fv2%2Ftags&post=183135"}],"curies":[{"name":"wp","href":"https:\/\/api.w.org\/{rel}","templated":true}]}}