{"id":183132,"date":"2021-05-27T18:41:41","date_gmt":"2021-05-27T21:41:41","guid":{"rendered":"https:\/\/diarioregionaldigital.com.br\/?p=183132"},"modified":"2021-05-27T18:41:41","modified_gmt":"2021-05-27T21:41:41","slug":"veja-como-fica-o-calendario-de-vacinacao-contra-covid-19-nesta-sexta-feira-28","status":"publish","type":"post","link":"https:\/\/diarioregionaldigital.com.br\/?p=183132","title":{"rendered":"Veja como fica o calend\u00e1rio de vacina\u00e7\u00e3o contra Covid-19 nesta sexta-feira, 28"},"content":{"rendered":"<div id=\"box_texto_noticia\">Chegou a vez das pessoas com comorbidade e com defici\u00eancia permanente de 18 a 23 anos receberem a primeira dose das vacinas contra a Covid-19. Nesta sexta-feira, 28, o grupo poder\u00e1 ir em busca da vacina\u00e7\u00e3o nas UBSs do Bairro de Lourdes, Benfica, Centro Sul, Nossa Senhora Aparecida, Nossa Senhora das Gra\u00e7as, Santa Luzia, S\u00e3o Pedro e Vila Ideal, das 8h \u00e0s 11h.<\/p>\n<p>Segundo informa\u00e7\u00f5es do site da Prefeitura de Juiz de Fora, a Secretaria de Sa\u00fade da Prefeitura de Juiz de Fora (PJF) segue realizando a aplica\u00e7\u00e3o dos imunizantes tamb\u00e9m no Sport Club JF, para pessoas com comorbidade e com defici\u00eancia permanente de 21, 22 e 23 anos, enquanto que as pessoas de 18, 19 e 20 anos, tamb\u00e9m com comorbidade e com defici\u00eancia permanente, recebem a primeira dose do no RU Centro da UFJF, das 9h \u00e0s 16h.<\/p>\n<p>As gr\u00e1vidas e pu\u00e9rperas com comorbidades, com 18 anos ou mais, pessoas com S\u00edndrome de Down, com paralisia cerebral e autistas tamb\u00e9m podem se vacinar no Sport, das 8h \u00e0s 16h. O calend\u00e1rio detalhado da vacina\u00e7\u00e3o contra Covid-19 para esta sexta, 28, segue abaixo.<\/p>\n<p><b>ATEN\u00c7\u00c3O<\/b><\/p>\n<p>Quem se vacinou contra a gripe e tem direito de se vacinar tamb\u00e9m contra a Covid-19 deve esperar pelo menos 14 dias entre o momento que recebeu a dose de um imunizante contra a influenza para poder ser vacinado contra a covid. Para quem foi diagnosticado com Covid-19, \u00e9 recomendado ao menos 30 dias de espera entre o come\u00e7o dos sintomas ou teste positivo (no caso dos assintom\u00e1ticos) para receber qualquer uma das vacinas.<\/p>\n<p><b>Vacina\u00e7\u00e3o Covid-19 nesta sexta-feira (28\/05)<\/b><br \/>\n*Gr\u00e1vidas e pu\u00e9rperas com comorbidades, de qualquer idade acima de 18 anos &#8211; Sport Club Juiz de Fora &#8211; das 8h \u00e0s 16h.<\/p>\n<p>*Pessoas com comorbidades e defici\u00eancia permanente:<br \/>\nRU &#8211; 18, 19 e 20 anos &#8211; das 9h \u00e0s 16h<br \/>\nSport Club &#8211; 21, 22 e 23 anos &#8211; das 8h \u00e0s 16h<br \/>\nEm 8 UBSs* -24 a 27 anos &#8211; das 8h \u00e0s 11h<\/p>\n<p>*UBSs que far\u00e3o a vacina\u00e7\u00e3o Covid-19 esta semana:<\/p>\n<p>1) UBS Benfica,<br \/>\n2) UBS S\u00e3o Pedro,<br \/>\n3) UBS Santa Luzia<br \/>\n4) UBS Vila Ideal,<br \/>\n5) UBS Bairro de Lourdes,<br \/>\n6) UBS Nossa Senhora das Gra\u00e7as<br \/>\n7) UBS Nossa Senhora Aparecida<br \/>\n8) UBS Centro Sul<\/p>\n<p><b>Confira os Endere\u00e7os:<\/b><\/p>\n<p>*Sport Club Juiz de Fora<br \/>\nAvenida Bar\u00e3o do Rio Branco, 1.303, centro<\/p>\n<p>*Restaurante Universit\u00e1rio (RU) da UFJF<br \/>\nRua Santo Ant\u00f4nio, esquina com a Rua Benjamin Constant, s\/n, ao lado do Museu de Arte Murilo (Mamm), no Centro.<\/p>\n<p>*UBS Bairro de Lourdes, Rua In\u00e1cio Gama, 813;<br \/>\n*UBS Benfica, Rua Guararapes, 106;<br \/>\n*UBS Centro Sul, Avenida Rio Branco, 3132;<br \/>\n*UBS Nossa Senhora Aparecida, Rua Nossa Senhora Aparecida, 775;<br \/>\n*UBS Nossa Senhora das Gra\u00e7as, Rua Queluz, 72;<br \/>\n*UBS Santa Luzia, Rua Torre\u00f5es, s\/n\u00ba;<br \/>\n*UBS S\u00e3o Pedro, Rua Jo\u00e3o Louren\u00e7o Kelmer, 1433;<br \/>\n*UBS Vila Ideal, Avenida Francisco Valadares, 1910.<\/p><\/div>\n<p>&nbsp;<\/p>\n<div id=\"box_compartilhar\" align=\"right\"><\/div>\n","protected":false},"excerpt":{"rendered":"<p>Chegou a vez das pessoas com comorbidade e com defici\u00eancia permanente de 18 a 23 anos receberem a primeira dose das vacinas contra a Covid-19. Nesta sexta-feira, 28, o grupo poder\u00e1 ir em busca da vacina\u00e7\u00e3o nas UBSs do Bairro de Lourdes, Benfica, Centro Sul, Nossa Senhora Aparecida, Nossa Senhora das Gra\u00e7as, Santa Luzia, S\u00e3o [&hellip;]<\/p>\n","protected":false},"author":246,"featured_media":183133,"comment_status":"closed","ping_status":"closed","sticky":false,"template":"","format":"standard","meta":{"footnotes":""},"categories":[253,440,439],"tags":[],"class_list":["post-183132","post","type-post","status-publish","format-standard","has-post-thumbnail","hentry","category-cidade","category-destaques-do-dia","category-ultima-hora"],"_links":{"self":[{"href":"https:\/\/diarioregionaldigital.com.br\/index.php?rest_route=\/wp\/v2\/posts\/183132","targetHints":{"allow":["GET"]}}],"collection":[{"href":"https:\/\/diarioregionaldigital.com.br\/index.php?rest_route=\/wp\/v2\/posts"}],"about":[{"href":"https:\/\/diarioregionaldigital.com.br\/index.php?rest_route=\/wp\/v2\/types\/post"}],"author":[{"embeddable":true,"href":"https:\/\/diarioregionaldigital.com.br\/index.php?rest_route=\/wp\/v2\/users\/246"}],"replies":[{"embeddable":true,"href":"https:\/\/diarioregionaldigital.com.br\/index.php?rest_route=%2Fwp%2Fv2%2Fcomments&post=183132"}],"version-history":[{"count":1,"href":"https:\/\/diarioregionaldigital.com.br\/index.php?rest_route=\/wp\/v2\/posts\/183132\/revisions"}],"predecessor-version":[{"id":183134,"href":"https:\/\/diarioregionaldigital.com.br\/index.php?rest_route=\/wp\/v2\/posts\/183132\/revisions\/183134"}],"wp:featuredmedia":[{"embeddable":true,"href":"https:\/\/diarioregionaldigital.com.br\/index.php?rest_route=\/wp\/v2\/media\/183133"}],"wp:attachment":[{"href":"https:\/\/diarioregionaldigital.com.br\/index.php?rest_route=%2Fwp%2Fv2%2Fmedia&parent=183132"}],"wp:term":[{"taxonomy":"category","embeddable":true,"href":"https:\/\/diarioregionaldigital.com.br\/index.php?rest_route=%2Fwp%2Fv2%2Fcategories&post=183132"},{"taxonomy":"post_tag","embeddable":true,"href":"https:\/\/diarioregionaldigital.com.br\/index.php?rest_route=%2Fwp%2Fv2%2Ftags&post=183132"}],"curies":[{"name":"wp","href":"https:\/\/api.w.org\/{rel}","templated":true}]}}