{"id":183129,"date":"2021-05-27T18:27:39","date_gmt":"2021-05-27T21:27:39","guid":{"rendered":"https:\/\/diarioregionaldigital.com.br\/?p=183129"},"modified":"2021-05-27T18:27:39","modified_gmt":"2021-05-27T21:27:39","slug":"selecao-masculina-de-volei-estreia-nesta-sexta-feira-na-liga-das-nacoes","status":"publish","type":"post","link":"https:\/\/diarioregionaldigital.com.br\/?p=183129","title":{"rendered":"Sele\u00e7\u00e3o masculina de v\u00f4lei estreia nesta sexta-feira na Liga das Na\u00e7\u00f5es"},"content":{"rendered":"<p>Depois dos tr\u00eas primeiros jogos da sele\u00e7\u00e3o feminina, chegou a vez do grupo masculino entrar em quadra na cidade de Rimini, na It\u00e1lia, para a estreia na Liga das Na\u00e7\u00f5es 2021. Ainda sem poder contar com o comandante, Renan, que passou por um per\u00edodo de interna\u00e7\u00e3o em decorr\u00eancia da COVID-19, o grupo ser\u00e1 comandado pelo assistente, Carlos Schwanke. A estreia ser\u00e1 contra a Argentina, a partir das 16h (de Bras\u00edlia).<\/p>\n<p>O Brasil chega \u00e0 Liga das Na\u00e7\u00f5es depois de boa experi\u00eancia com tr\u00eas vit\u00f3rias em amistosos contra a Venezuela, no Rio de Janeiro (RJ). As partidas serviram para que o t\u00e9cnico interino fizesse avalia\u00e7\u00f5es depois de um per\u00edodo de cerca de um m\u00eas de treinamentos no Centro de Desenvolvimento de Voleibol (CDV), em Saquarema (RJ).<\/p>\n<p>\u201cFoi importante jogar pela ansiedade de colocar em pr\u00e1tica o que vinha sendo treinado. Agora \u00e9 diferente. Vamos estrear em uma competi\u00e7\u00e3o importante com a responsabilidade de representar o atual campe\u00e3o ol\u00edmpico. Vamos pensar a cada jogo, estamos com 16 atletas, e a busca por uma adequa\u00e7\u00e3o vai ser feita ao longo do campeonato visando a sequ\u00eancia, em T\u00f3quio, que vai ser o momento mais importante do ano\u201d, disse Schwanke.<\/p>\n<p>Um dos jogadores mais experientes da sele\u00e7\u00e3o brasileira, o capit\u00e3o Bruninho est\u00e1 entusiasmado com a retomada das competi\u00e7\u00f5es depois de um ano sem nenhum compromisso em fun\u00e7\u00e3o da pandemia da COVID-19, e tamb\u00e9m pelo atual momento do grupo.<\/p>\n<p>\u201cEstamos com um mix com jovens chegando e dando ainda mais energia para os experientes que chegam com bagagem, Jogos Ol\u00edmpicos nas costas, o que \u00e9 importante. Essa mistura tem dado certo. Demonstramos isso em 2019 e espero que este ano isso se repita e que possamos colher os frutos l\u00e1 na frente\u201d, opinou o levantador da sele\u00e7\u00e3o brasileira.<\/p>\n<p>Na sequ\u00eancia do confronto contra a Argentina, o Brasil ter\u00e1 Estados Unidos e Canad\u00e1 no primeiro bloco de jogos. Os tr\u00eas dias posteriores voltam a ser de competi\u00e7\u00e3o feminina para depois, ent\u00e3o, retomar o masculino, de acordo com a tabela que a cada tr\u00eas dias conta um naipe em atividade na It\u00e1lia.<\/p>\n<p>Fonte: Confedera\u00e7\u00e3o Brasileira de V\u00f4lei<\/p>\n","protected":false},"excerpt":{"rendered":"<p>Depois dos tr\u00eas primeiros jogos da sele\u00e7\u00e3o feminina, chegou a vez do grupo masculino entrar em quadra na cidade de Rimini, na It\u00e1lia, para a estreia na Liga das Na\u00e7\u00f5es 2021. Ainda sem poder contar com o comandante, Renan, que passou por um per\u00edodo de interna\u00e7\u00e3o em decorr\u00eancia da COVID-19, o grupo ser\u00e1 comandado pelo [&hellip;]<\/p>\n","protected":false},"author":246,"featured_media":183130,"comment_status":"closed","ping_status":"closed","sticky":false,"template":"","format":"standard","meta":{"footnotes":""},"categories":[257,439],"tags":[],"class_list":["post-183129","post","type-post","status-publish","format-standard","has-post-thumbnail","hentry","category-esporte","category-ultima-hora"],"_links":{"self":[{"href":"https:\/\/diarioregionaldigital.com.br\/index.php?rest_route=\/wp\/v2\/posts\/183129","targetHints":{"allow":["GET"]}}],"collection":[{"href":"https:\/\/diarioregionaldigital.com.br\/index.php?rest_route=\/wp\/v2\/posts"}],"about":[{"href":"https:\/\/diarioregionaldigital.com.br\/index.php?rest_route=\/wp\/v2\/types\/post"}],"author":[{"embeddable":true,"href":"https:\/\/diarioregionaldigital.com.br\/index.php?rest_route=\/wp\/v2\/users\/246"}],"replies":[{"embeddable":true,"href":"https:\/\/diarioregionaldigital.com.br\/index.php?rest_route=%2Fwp%2Fv2%2Fcomments&post=183129"}],"version-history":[{"count":1,"href":"https:\/\/diarioregionaldigital.com.br\/index.php?rest_route=\/wp\/v2\/posts\/183129\/revisions"}],"predecessor-version":[{"id":183131,"href":"https:\/\/diarioregionaldigital.com.br\/index.php?rest_route=\/wp\/v2\/posts\/183129\/revisions\/183131"}],"wp:featuredmedia":[{"embeddable":true,"href":"https:\/\/diarioregionaldigital.com.br\/index.php?rest_route=\/wp\/v2\/media\/183130"}],"wp:attachment":[{"href":"https:\/\/diarioregionaldigital.com.br\/index.php?rest_route=%2Fwp%2Fv2%2Fmedia&parent=183129"}],"wp:term":[{"taxonomy":"category","embeddable":true,"href":"https:\/\/diarioregionaldigital.com.br\/index.php?rest_route=%2Fwp%2Fv2%2Fcategories&post=183129"},{"taxonomy":"post_tag","embeddable":true,"href":"https:\/\/diarioregionaldigital.com.br\/index.php?rest_route=%2Fwp%2Fv2%2Ftags&post=183129"}],"curies":[{"name":"wp","href":"https:\/\/api.w.org\/{rel}","templated":true}]}}