{"id":183126,"date":"2021-05-27T18:24:29","date_gmt":"2021-05-27T21:24:29","guid":{"rendered":"https:\/\/diarioregionaldigital.com.br\/?p=183126"},"modified":"2021-05-27T18:24:29","modified_gmt":"2021-05-27T21:24:29","slug":"pan-de-taekwondo-tera-trio-de-atletas-brasileiros-que-vao-a-toquio","status":"publish","type":"post","link":"https:\/\/diarioregionaldigital.com.br\/?p=183126","title":{"rendered":"Pan de Taekwondo ter\u00e1 trio de atletas brasileiros que v\u00e3o a T\u00f3quio"},"content":{"rendered":"<p>A equipe brasileira para o Campeonato Pan-Americano Adulto de Taekwondo em Cancun, no M\u00e9xico, contar\u00e1 com 26 atletas. Entre jovens e mais experientes estar\u00e3o Milena Tinoneli, Edival Pontes e \u00cdcaro Miguel, que defender\u00e3o o pa\u00eds nos Jogos Ol\u00edmpicos de T\u00f3quio. Os tr\u00eas integram a categoria P\u00f3dio, a principal do Bolsa Atleta, programa de patroc\u00ednio individual do Governo Federal Brasileiro, executado pela Secretaria Especial do Esporte do Minist\u00e9rio da Cidadania.<\/p>\n<p>A competi\u00e7\u00e3o no M\u00e9xico ser\u00e1 nos dias 3 e 4 de junho e conta com 128 inscritos, distribu\u00eddos em nove categorias no masculino e no feminino. Os combates contar\u00e3o com tr\u00eas rounds de dois minutos.\u00a0Al\u00e9m do trio ol\u00edmpico, est\u00e3o inscritos os medalhistas do Mundial de 2019 Caroline Gomes, Paulo Ricardo e Maicon Andrade, que tamb\u00e9m foi bronze nos Jogos Rio 2016. A equipe brasileira tem m\u00e9dia de 24 anos de idade. O torneio marcar\u00e1 a estreia, na competi\u00e7\u00e3o adulta, de Jo\u00e3o Victor Diniz, da categoria at\u00e9 63 quilos.<\/p>\n<p>\u201cO Pan-americano \u00e9 uma das competi\u00e7\u00f5es mais importantes para se ganhar. Estou certo de que a conquista desse t\u00edtulo me aproximar\u00e1 ainda mais da realiza\u00e7\u00e3o de um sonho ol\u00edmpico. Estou focado e preparado para performar bem e confiante de que nossa bandeira ser\u00e1 hasteada muitas vezes no local mais alto do p\u00f3dio nesse Pan\u201d.<\/p>\n<p>Em sua segunda participa\u00e7\u00e3o em Pan-Americanos adultos, Nivea Barros, de 23 anos, da categoria 49 quilos, tamb\u00e9m comentou sobre seu retorno \u00e0s competi\u00e7\u00f5es oficiais.&#8221;Estou motivada e preparada. S\u00e3o boas as expectativas para voltar a competir depois de mais de um ano e levo isso como oportunidade de me preparar melhor e com mais calma&#8221;.<\/p>\n<p>A competi\u00e7\u00e3o ser\u00e1 realizada em formato de bolha, sem presen\u00e7a de p\u00fablico e com deslocamento restrito e controlado. As delega\u00e7\u00f5es estar\u00e3o hospedadas no mesmo hotel em que as lutas ser\u00e3o realizadas, o Hotel Crown Paradise Club.<\/p>\n<p>Fonte: Confedera\u00e7\u00e3o Brasileira de Taekwondo<\/p>\n","protected":false},"excerpt":{"rendered":"<p>A equipe brasileira para o Campeonato Pan-Americano Adulto de Taekwondo em Cancun, no M\u00e9xico, contar\u00e1 com 26 atletas. Entre jovens e mais experientes estar\u00e3o Milena Tinoneli, Edival Pontes e \u00cdcaro Miguel, que defender\u00e3o o pa\u00eds nos Jogos Ol\u00edmpicos de T\u00f3quio. Os tr\u00eas integram a categoria P\u00f3dio, a principal do Bolsa Atleta, programa de patroc\u00ednio individual [&hellip;]<\/p>\n","protected":false},"author":246,"featured_media":183127,"comment_status":"closed","ping_status":"closed","sticky":false,"template":"","format":"standard","meta":{"footnotes":""},"categories":[436,257,439],"tags":[],"class_list":["post-183126","post","type-post","status-publish","format-standard","has-post-thumbnail","hentry","category-destaque-da-semana","category-esporte","category-ultima-hora"],"_links":{"self":[{"href":"https:\/\/diarioregionaldigital.com.br\/index.php?rest_route=\/wp\/v2\/posts\/183126","targetHints":{"allow":["GET"]}}],"collection":[{"href":"https:\/\/diarioregionaldigital.com.br\/index.php?rest_route=\/wp\/v2\/posts"}],"about":[{"href":"https:\/\/diarioregionaldigital.com.br\/index.php?rest_route=\/wp\/v2\/types\/post"}],"author":[{"embeddable":true,"href":"https:\/\/diarioregionaldigital.com.br\/index.php?rest_route=\/wp\/v2\/users\/246"}],"replies":[{"embeddable":true,"href":"https:\/\/diarioregionaldigital.com.br\/index.php?rest_route=%2Fwp%2Fv2%2Fcomments&post=183126"}],"version-history":[{"count":1,"href":"https:\/\/diarioregionaldigital.com.br\/index.php?rest_route=\/wp\/v2\/posts\/183126\/revisions"}],"predecessor-version":[{"id":183128,"href":"https:\/\/diarioregionaldigital.com.br\/index.php?rest_route=\/wp\/v2\/posts\/183126\/revisions\/183128"}],"wp:featuredmedia":[{"embeddable":true,"href":"https:\/\/diarioregionaldigital.com.br\/index.php?rest_route=\/wp\/v2\/media\/183127"}],"wp:attachment":[{"href":"https:\/\/diarioregionaldigital.com.br\/index.php?rest_route=%2Fwp%2Fv2%2Fmedia&parent=183126"}],"wp:term":[{"taxonomy":"category","embeddable":true,"href":"https:\/\/diarioregionaldigital.com.br\/index.php?rest_route=%2Fwp%2Fv2%2Fcategories&post=183126"},{"taxonomy":"post_tag","embeddable":true,"href":"https:\/\/diarioregionaldigital.com.br\/index.php?rest_route=%2Fwp%2Fv2%2Ftags&post=183126"}],"curies":[{"name":"wp","href":"https:\/\/api.w.org\/{rel}","templated":true}]}}