{"id":183123,"date":"2021-05-27T18:18:32","date_gmt":"2021-05-27T21:18:32","guid":{"rendered":"https:\/\/diarioregionaldigital.com.br\/?p=183123"},"modified":"2021-05-27T18:18:32","modified_gmt":"2021-05-27T21:18:32","slug":"brasileiras-conquistam-tres-medalhas-no-ultimo-dia-do-gp-de-judo-de-baku","status":"publish","type":"post","link":"https:\/\/diarioregionaldigital.com.br\/?p=183123","title":{"rendered":"Brasileiras conquistam tr\u00eas medalhas no \u00faltimo dia do GP de jud\u00f4 de Baku"},"content":{"rendered":"<p>O Brasil encerrou em grande estilo a participa\u00e7\u00e3o no Grand Prix de Baku, no Azerbaij\u00e3o, com mais tr\u00eas medalhas conquistadas nesta quarta-feira, 26.05. Foram dois ouros e um bronze. Alana Maldonado (-70kg) e Meg Emmerich (+70kg) terminaram como as melhores em suas categorias, e Rebeca Silva, derrotada por Meg na semifinal, ficou com o terceiro lugar.<\/p>\n<p>No dia anterior, a paulista L\u00facia Ara\u00fajo j\u00e1 havia ganhado um bronze na categoria at\u00e9 57 kg. Assim, o pa\u00eds terminou o primeiro evento oficial do jud\u00f4 paral\u00edmpico desde o in\u00edcio da pandemia, h\u00e1 mais de um ano, com quatro p\u00f3dios, todos no feminino.<\/p>\n<p>Ao todo, 13 atletas representaram o Brasil no torneio, todos eles integrantes do Bolsa Atleta, programa de patroc\u00ednio individual do Governo Federal Brasileiro, executado pela Secretaria Especial do Esporte do Minist\u00e9rio da Cidadania.<\/p>\n<p>Alana, Meg, Rebeca e outros oito judocas presentes em Baku fazem parte da categoria P\u00f3dio, a principal do programa, voltada para atletas que se posicionam entre os 20 melhores do ranking mundial em suas categorias. A Bolsa P\u00f3dio prev\u00ea repasses mensais de R$ 5 mil a R$ 15 mil, de acordo com os resultados dos atletas.<\/p>\n<p><strong>Alana dominante<\/strong><\/p>\n<div class=\"\">\n<div id=\"content\">\n<article>\n<div id=\"content-core\">\n<div id=\"parent-fieldname-text\" class=\"\">\n<p>Atual campe\u00e3 mundial, Alana mostrou por que \u00e9 a l\u00edder do ranking. Primeiro, despachou a uruguaia Mariana Mederos. Depois, na semifinal, passou pela russa Olga Zabrodskaia, quarta do ranking e bronze nesta mesma competi\u00e7\u00e3o em 2019. Na final, a advers\u00e1ria foi Zulfiyya Huseynova, atleta da casa e que eliminara na semi a mexicana Lenia Ruvalcaba, uma das principais advers\u00e1rias de Alana. Dominante f\u00edsica e tecnicamente, a brasileira n\u00e3o deu chances.<\/p>\n<p>&#8220;Estou muito feliz. \u00c9 a primeira competi\u00e7\u00e3o ap\u00f3s mais de um ano sem torneios e sem sentir as advers\u00e1rias. Consegui colocar em pr\u00e1tica tudo o que a gente vem treinando, principalmente a parte de luta de solo. Consegui finalizar duas lutas com essa t\u00e9cnica. Vejo isso como um crescimento. Agora, rumo a T\u00f3quio!&#8221;, celebra Alana.<\/p>\n<p>No peso-pesado feminino, Meg e Rebeca deram sequ\u00eancia aos excelentes resultados dos \u00faltimos eventos e \u00e0 rivalidade entre elas. Nas estreias, Meg ganhou da americana Katie Davis e Rebeca, da russa Tatiana Savostianova.\u00a0As brasileiras estavam do mesmo lado da chave e se cruzaram na semifinal, repetindo o combate da final dos Jogos Parapan-Americanos de Lima 2019. Assim como no Peru, Meg levou a melhor e foi \u00e0 decis\u00e3o para encarar a italiana Carolina Costa, segunda do ranking na categoria. Em confronto dific\u00edlimo, a brasileira estava perdendo quando encaixou um ippon.<\/p>\n<p>&#8220;Queria agradecer a quem esteve na torcida, mandando boas vibra\u00e7\u00f5es, e \u00e0 equipe t\u00e9cnica. Essa medalha \u00e9 de todos. A retomada das competi\u00e7\u00f5es \u00e9 importante para vermos o que temos a melhorar, e essa conquista me ajuda na luta para ir a T\u00f3quio&#8221;, vibrou a campe\u00e3.<\/p>\n<p>J\u00e1 Rebeca encarou a ucraniana Anastasiia Harnyk no duelo pelo bronze e conseguiu o ippon com uma chave de bra\u00e7o. &#8220;A import\u00e2ncia da medalha \u00e9 porque estamos voltando a competir. Foi um bom resultado. Agora \u00e9 treinar para a pr\u00f3xima&#8221;.<\/p>\n<p><strong>Homens no &#8220;quase l\u00e1&#8221;<\/strong><\/p>\n<p>Entre os homens, quem chegou mais longe foi Wilians Ara\u00fajo. O paraibano bateu o brit\u00e2nico Jack Hodgson no combate inicial, mas parou no iraniano Mohammadreza Kheirollahzadeh, melhor peso-pesado do mundo na atualidade, na semifinal. Na disputa pelo bronze, desafiou o sul-coreano Gwang Geun Choi, campe\u00e3o paral\u00edmpico nos Jogos Rio 2016 no peso abaixo, e perdeu.<\/p>\n<p>J\u00e1 Ant\u00f4nio Ten\u00f3rio, recuperado de um quadro grave de Covid-19 que o acometeu em mar\u00e7o, mostrou recupera\u00e7\u00e3o impressionante e venceu o cazaque Yerlan Utepov no peso at\u00e9 100kg. Depois, perdeu para o alem\u00e3o Oliver Upmann e, na repescagem, para o uzbeque Sulaymon Alaev.<\/p>\n<p>Na categoria at\u00e9 81kg, Harlley Arruda perdeu na estreia para o mexicano Eduardo Avila Sanchez e, na repescagem, para o brit\u00e2nico Evan Molloy. No peso at\u00e9 90kg, Arthur Silva foi bem na primeira luta ao bater o venezuelano Hector Espinoza Rodriguez. Depois, por\u00e9m, perdeu os dois combates seguintes. Primeiro, para o ucraniano Oleksandr Nazarenko, l\u00edder do ranking mundial e que ficaria com o ouro. Na repescagem, caiu para o uzbeque Shukhrat Boboev.<\/p>\n<p><strong>\u00daltima parada<\/strong><\/p>\n<p>O GP de Baku foi o pen\u00faltimo qualificat\u00f3rio para os Jogos Paral\u00edmpicos de T\u00f3quio. Os atletas que ainda buscam classifica\u00e7\u00e3o ter\u00e3o uma \u00faltima chance no Gp de Warwick, na Inglaterra, entre 19 e 20 de junho. At\u00e9 l\u00e1, os judocas da Sele\u00e7\u00e3o seguir\u00e3o se preparando em um campo de treinamento internacional, em Baku, e retornam ao Brasil ap\u00f3s o GP brit\u00e2nico.<\/p>\n<p>A cerim\u00f4nia de abertura dos Jogos Paral\u00edmpicos de T\u00f3quio est\u00e1 marcada para 24 de agosto. O jud\u00f4 ter\u00e1 tr\u00eas dias de competi\u00e7\u00e3o, 27, 28 e 29. A modalidade j\u00e1 conquistou 22 medalhas para o Brasil na hist\u00f3ria do evento, sendo quatro outros, nove pratas e nove bronzes.<\/p>\n<p><strong>\u00a0<\/strong><\/p>\n<p>Fonte: Comit\u00ea Paral\u00edmpico Brasileiro e Confedera\u00e7\u00e3o Brasileira de Desportos de Deficientes Visuais (CBDV)<\/p>\n<\/div>\n<\/div>\n<div class=\"documentActions\"><\/div>\n<\/article>\n<\/div>\n<\/div>\n<div id=\"viewlet-below-content\">\n<div class=\"horizontal\">\n<div class=\"sociallike-network-facebook\">\n<div class=\"fb-share-button fb_iframe_widget\" data-layout=\"button_count\" data-href=\"http:\/\/rededoesporte.gov.br\/pt-br\/noticias\/brasileiras-conquistam-tres-medalhas-no-ultimo-dia-do-gp-de-baku\"><\/div>\n<\/div>\n<\/div>\n<\/div>\n","protected":false},"excerpt":{"rendered":"<p>O Brasil encerrou em grande estilo a participa\u00e7\u00e3o no Grand Prix de Baku, no Azerbaij\u00e3o, com mais tr\u00eas medalhas conquistadas nesta quarta-feira, 26.05. Foram dois ouros e um bronze. Alana Maldonado (-70kg) e Meg Emmerich (+70kg) terminaram como as melhores em suas categorias, e Rebeca Silva, derrotada por Meg na semifinal, ficou com o terceiro [&hellip;]<\/p>\n","protected":false},"author":246,"featured_media":183124,"comment_status":"closed","ping_status":"closed","sticky":false,"template":"","format":"standard","meta":{"footnotes":""},"categories":[436,257,439],"tags":[],"class_list":["post-183123","post","type-post","status-publish","format-standard","has-post-thumbnail","hentry","category-destaque-da-semana","category-esporte","category-ultima-hora"],"_links":{"self":[{"href":"https:\/\/diarioregionaldigital.com.br\/index.php?rest_route=\/wp\/v2\/posts\/183123","targetHints":{"allow":["GET"]}}],"collection":[{"href":"https:\/\/diarioregionaldigital.com.br\/index.php?rest_route=\/wp\/v2\/posts"}],"about":[{"href":"https:\/\/diarioregionaldigital.com.br\/index.php?rest_route=\/wp\/v2\/types\/post"}],"author":[{"embeddable":true,"href":"https:\/\/diarioregionaldigital.com.br\/index.php?rest_route=\/wp\/v2\/users\/246"}],"replies":[{"embeddable":true,"href":"https:\/\/diarioregionaldigital.com.br\/index.php?rest_route=%2Fwp%2Fv2%2Fcomments&post=183123"}],"version-history":[{"count":1,"href":"https:\/\/diarioregionaldigital.com.br\/index.php?rest_route=\/wp\/v2\/posts\/183123\/revisions"}],"predecessor-version":[{"id":183125,"href":"https:\/\/diarioregionaldigital.com.br\/index.php?rest_route=\/wp\/v2\/posts\/183123\/revisions\/183125"}],"wp:featuredmedia":[{"embeddable":true,"href":"https:\/\/diarioregionaldigital.com.br\/index.php?rest_route=\/wp\/v2\/media\/183124"}],"wp:attachment":[{"href":"https:\/\/diarioregionaldigital.com.br\/index.php?rest_route=%2Fwp%2Fv2%2Fmedia&parent=183123"}],"wp:term":[{"taxonomy":"category","embeddable":true,"href":"https:\/\/diarioregionaldigital.com.br\/index.php?rest_route=%2Fwp%2Fv2%2Fcategories&post=183123"},{"taxonomy":"post_tag","embeddable":true,"href":"https:\/\/diarioregionaldigital.com.br\/index.php?rest_route=%2Fwp%2Fv2%2Ftags&post=183123"}],"curies":[{"name":"wp","href":"https:\/\/api.w.org\/{rel}","templated":true}]}}