{"id":183116,"date":"2021-05-27T18:12:00","date_gmt":"2021-05-27T21:12:00","guid":{"rendered":"https:\/\/diarioregionaldigital.com.br\/?p=183116"},"modified":"2021-05-27T18:12:00","modified_gmt":"2021-05-27T21:12:00","slug":"governo-de-minas-realiza-forcas-tarefas-e-intensifica-acoes-de-preparacao-do-sistema-de-saude-do-estado","status":"publish","type":"post","link":"https:\/\/diarioregionaldigital.com.br\/?p=183116","title":{"rendered":"Governo de Minas realiza for\u00e7as-tarefas e intensifica a\u00e7\u00f5es de prepara\u00e7\u00e3o do sistema de sa\u00fade do estado"},"content":{"rendered":"<p>O\u00a0<a href=\"http:\/\/www.mg.gov.br\/\" target=\"_blank\" rel=\"noopener\">Governo de Minas<\/a>\u00a0tem intensificado o seu plano de a\u00e7\u00e3o e prepara\u00e7\u00e3o do sistema de sa\u00fade para combater uma poss\u00edvel terceira onda da covid-19. A\u00a0<a href=\"http:\/\/www.saude.mg.gov.br\/\" target=\"_blank\" rel=\"noopener\">Secretaria de Estado de Sa\u00fade (SES-MG)<\/a>\u00a0desenvolveu uma for\u00e7a-tarefa em regi\u00f5es estrat\u00e9gicas do estado com o objetivo de mitigar os cen\u00e1rios desfavor\u00e1veis e salvar vidas, realizando a transfer\u00eancia de pacientes em regi\u00f5es mais sobrecarregadas, intensificando as a\u00e7\u00f5es de conscientiza\u00e7\u00e3o e trabalhando para ampliar a oferta de leitos.<\/p>\n<p>Nesta quinta-feira (27\/4), uma for\u00e7a-tarefa da SES est\u00e1 em Passos, no Sul de Minas, para acompanhar a situa\u00e7\u00e3o do munic\u00edpio, que est\u00e1 com o sistema de sa\u00fade sobrecarregado.<\/p>\n<p>\u201cNossa equipe est\u00e1 avaliando as condi\u00e7\u00f5es, reconhecendo os pacientes poss\u00edveis de transfer\u00eancia. Estamos fazendo a\u00e7\u00f5es junto ao munic\u00edpio para que a gente consiga melhorar e reduzir a ocupa\u00e7\u00e3o dos leitos hospitalares, diminuindo a press\u00e3o neste momento de maior estresse na regi\u00e3o Sul, especialmente na regi\u00e3o de Passos\u201d, afirmou o secret\u00e1rio de Sa\u00fade, o m\u00e9dico F\u00e1bio Baccheretti, durante coletiva de imprensa nesta quinta-feira.<\/p>\n<p>Na \u00faltima semana, a for\u00e7a-tarefa tamb\u00e9m esteve em Uberaba, no Tri\u00e2ngulo. Nesta sexta-feira (28\/5), as equipes estar\u00e3o em Pouso Alegre e Itajub\u00e1, ambas na regi\u00e3o Sul.<\/p>\n<p><strong>Cen\u00e1rios desfavor\u00e1veis<\/strong><\/p>\n<p>O plano de a\u00e7\u00e3o desenvolvido pela SES acompanha dois cen\u00e1rios, assistencial e epidemiol\u00f3gico, nas regi\u00f5es que est\u00e3o inseridas na onda vermelha do Minas Consciente, plano criado para a retomada gradual e segura da economia.<\/p>\n<p>No cen\u00e1rio assistencial desfavor\u00e1vel, quando existe a possibilidade de sobrecarga do sistema de sa\u00fade da regi\u00e3o, al\u00e9m das for\u00e7as-tarefas in loco, \u00e9 realizado o diagn\u00f3stico da amplia\u00e7\u00e3o de leitos, a transfer\u00eancia de pacientes de leitos de UTI e cl\u00ednicos entre as macrorregi\u00f5es e a suspens\u00e3o de cirurgias eletivas.<\/p>\n<p>J\u00e1 no cen\u00e1rio epidemiol\u00f3gico desfavor\u00e1vel, quando \u00e9 observada o aumento da incid\u00eancia da doen\u00e7a na regi\u00e3o, \u00e9 realizada a an\u00e1lise da rede solid\u00e1ria de medicamentos, a possibilidade de doa\u00e7\u00e3o de cilindros, a transfer\u00eancia de pacientes cl\u00ednicos, o refor\u00e7o das a\u00e7\u00f5es de preven\u00e7\u00e3o e o monitoramento de contatos.<\/p>\n<p>Segundo o secret\u00e1rio de Estado de Sa\u00fade, o m\u00e9dico F\u00e1bio Baccheretti, estas a\u00e7\u00f5es visam mitigar estes cen\u00e1rios desfavor\u00e1veis antes que ele chegue no momento do colapso.<\/p>\n<p>\u201cBuscamos um aprendizado com o que n\u00f3s passamos em mar\u00e7o e abril com a segunda onda e identificamos objetivamente quais s\u00e3o os indicadores que precedem uma piora importante assistencial. Criamos a\u00e7\u00f5es importantes com os prefeitos e prestadores de servi\u00e7o, para amplia\u00e7\u00e3o de leitos e transfer\u00eancia de pacientes menos e mais complexos. S\u00e3o a\u00e7\u00f5es preventivas e corretivas para que a gente n\u00e3o precise de medidas t\u00e3o restritivas e que tem um efeito colateral social e econ\u00f4mico muito grande\u201d, finalizou o secret\u00e1rio.<span style=\"font-weight: 400;\"><br \/>\n<\/span><span style=\"font-weight: 400;\"><br \/>\n<\/span><span style=\"font-weight: 400;\">Fonte: Ag\u00eancia Minas<\/span><\/p>\n","protected":false},"excerpt":{"rendered":"<p>O\u00a0Governo de Minas\u00a0tem intensificado o seu plano de a\u00e7\u00e3o e prepara\u00e7\u00e3o do sistema de sa\u00fade para combater uma poss\u00edvel terceira onda da covid-19. A\u00a0Secretaria de Estado de Sa\u00fade (SES-MG)\u00a0desenvolveu uma for\u00e7a-tarefa em regi\u00f5es estrat\u00e9gicas do estado com o objetivo de mitigar os cen\u00e1rios desfavor\u00e1veis e salvar vidas, realizando a transfer\u00eancia de pacientes em regi\u00f5es mais [&hellip;]<\/p>\n","protected":false},"author":246,"featured_media":183117,"comment_status":"closed","ping_status":"closed","sticky":false,"template":"","format":"standard","meta":{"footnotes":""},"categories":[440,254,439],"tags":[],"class_list":["post-183116","post","type-post","status-publish","format-standard","has-post-thumbnail","hentry","category-destaques-do-dia","category-politica","category-ultima-hora"],"_links":{"self":[{"href":"https:\/\/diarioregionaldigital.com.br\/index.php?rest_route=\/wp\/v2\/posts\/183116","targetHints":{"allow":["GET"]}}],"collection":[{"href":"https:\/\/diarioregionaldigital.com.br\/index.php?rest_route=\/wp\/v2\/posts"}],"about":[{"href":"https:\/\/diarioregionaldigital.com.br\/index.php?rest_route=\/wp\/v2\/types\/post"}],"author":[{"embeddable":true,"href":"https:\/\/diarioregionaldigital.com.br\/index.php?rest_route=\/wp\/v2\/users\/246"}],"replies":[{"embeddable":true,"href":"https:\/\/diarioregionaldigital.com.br\/index.php?rest_route=%2Fwp%2Fv2%2Fcomments&post=183116"}],"version-history":[{"count":2,"href":"https:\/\/diarioregionaldigital.com.br\/index.php?rest_route=\/wp\/v2\/posts\/183116\/revisions"}],"predecessor-version":[{"id":183119,"href":"https:\/\/diarioregionaldigital.com.br\/index.php?rest_route=\/wp\/v2\/posts\/183116\/revisions\/183119"}],"wp:featuredmedia":[{"embeddable":true,"href":"https:\/\/diarioregionaldigital.com.br\/index.php?rest_route=\/wp\/v2\/media\/183117"}],"wp:attachment":[{"href":"https:\/\/diarioregionaldigital.com.br\/index.php?rest_route=%2Fwp%2Fv2%2Fmedia&parent=183116"}],"wp:term":[{"taxonomy":"category","embeddable":true,"href":"https:\/\/diarioregionaldigital.com.br\/index.php?rest_route=%2Fwp%2Fv2%2Fcategories&post=183116"},{"taxonomy":"post_tag","embeddable":true,"href":"https:\/\/diarioregionaldigital.com.br\/index.php?rest_route=%2Fwp%2Fv2%2Ftags&post=183116"}],"curies":[{"name":"wp","href":"https:\/\/api.w.org\/{rel}","templated":true}]}}